{"id":8441,"date":"2019-05-02T22:25:27","date_gmt":"2019-05-02T22:25:27","guid":{"rendered":"http:\/\/medicinainterna.com.mx\/?p=8441"},"modified":"2019-05-02T22:25:27","modified_gmt":"2019-05-02T22:25:27","slug":"sindrome-de-cronkhite-canada","status":"publish","type":"post","link":"https:\/\/medicinainterna.com.mx\/?p=8441","title":{"rendered":"S\u00edndrome de Cronkhite-Canada"},"content":{"rendered":"\n<p> <\/p>\n\n\n\n<p class=\"has-drop-cap\">Es un proceso adquirido de origen desconocido que cursa con hiperpigmentaci\u00f3n cut\u00e1nea, alopecia y poliposis gastrointestinal.<\/p>\n\n\n\n<p>La  hiperpigmentaci\u00f3n cut\u00e1nea se distribuye de manera difusa en las palmas y  la superficie ventral de los dedos y en forma de m\u00e1culas en el dorso de  las manos. De forma excepcional puede observarse una hiperpigmentaci\u00f3n  generalizada o lesiones pigmentadas en las mucosas.<\/p>\n\n\n\n<p>La\n poliposis acostumbra manifestarse a partir de los 50 a\u00f1os con diarrea, \ndolor abdominal, p\u00e9rdida de peso y mala absorci\u00f3n grave secundaria a una\n enteropat\u00eda con p\u00e9rdida de prote\u00ednas. A los pocos meses del inicio de \nlos s\u00edntomas digestivos, puede aparecer una alopecia parcheada que \nevoluciona hacia una alopecia total. A la vez, puede aparecer una \ndistrofia ungueal caracter\u00edstica, con formaci\u00f3n de una u\u00f1a ventral que \nexcepcionalmente precede en meses o a\u00f1os a los s\u00edntomas \ngastrointestinales. Debe tenerse en cuenta que los p\u00f3lipos \ngastrointestinales pueden no detectarse radiol\u00f3gicamente aunque sean \nsintom\u00e1ticos.<\/p>\n","protected":false},"excerpt":{"rendered":"<p>Es un proceso adquirido de origen desconocido que cursa con hiperpigmentaci\u00f3n cut\u00e1nea, alopecia y poliposis gastrointestinal. La hiperpigmentaci\u00f3n cut\u00e1nea se distribuye de manera difusa en las palmas y la superficie ventral de los dedos y en forma de m\u00e1culas en el dorso de las manos. De forma excepcional puede observarse una hiperpigmentaci\u00f3n generalizada o lesiones &hellip; <a href=\"https:\/\/medicinainterna.com.mx\/?p=8441\" class=\"more-link\">Continue reading<span class=\"screen-reader-text\"> &#8220;S\u00edndrome de Cronkhite-Canada&#8221;<\/span><\/a><\/p>\n","protected":false},"author":3,"featured_media":0,"comment_status":"closed","ping_status":"open","sticky":false,"template":"","format":"standard","meta":{"_jetpack_memberships_contains_paid_content":false,"footnotes":""},"categories":[19],"tags":[],"class_list":["post-8441","post","type-post","status-publish","format-standard","hentry","category-sindromes"],"jetpack_sharing_enabled":true,"jetpack_featured_media_url":"","_links":{"self":[{"href":"https:\/\/medicinainterna.com.mx\/index.php?rest_route=\/wp\/v2\/posts\/8441","targetHints":{"allow":["GET"]}}],"collection":[{"href":"https:\/\/medicinainterna.com.mx\/index.php?rest_route=\/wp\/v2\/posts"}],"about":[{"href":"https:\/\/medicinainterna.com.mx\/index.php?rest_route=\/wp\/v2\/types\/post"}],"author":[{"embeddable":true,"href":"https:\/\/medicinainterna.com.mx\/index.php?rest_route=\/wp\/v2\/users\/3"}],"replies":[{"embeddable":true,"href":"https:\/\/medicinainterna.com.mx\/index.php?rest_route=%2Fwp%2Fv2%2Fcomments&post=8441"}],"version-history":[{"count":1,"href":"https:\/\/medicinainterna.com.mx\/index.php?rest_route=\/wp\/v2\/posts\/8441\/revisions"}],"predecessor-version":[{"id":8442,"href":"https:\/\/medicinainterna.com.mx\/index.php?rest_route=\/wp\/v2\/posts\/8441\/revisions\/8442"}],"wp:attachment":[{"href":"https:\/\/medicinainterna.com.mx\/index.php?rest_route=%2Fwp%2Fv2%2Fmedia&parent=8441"}],"wp:term":[{"taxonomy":"category","embeddable":true,"href":"https:\/\/medicinainterna.com.mx\/index.php?rest_route=%2Fwp%2Fv2%2Fcategories&post=8441"},{"taxonomy":"post_tag","embeddable":true,"href":"https:\/\/medicinainterna.com.mx\/index.php?rest_route=%2Fwp%2Fv2%2Ftags&post=8441"}],"curies":[{"name":"wp","href":"https:\/\/api.w.org\/{rel}","templated":true}]}}