{"id":8372,"date":"2017-02-23T08:20:54","date_gmt":"2017-02-23T14:20:54","guid":{"rendered":"http:\/\/medicinainterna.com.mx\/?p=8372"},"modified":"2017-02-23T08:20:54","modified_gmt":"2017-02-23T14:20:54","slug":"sindrome-de-adams-victor-mancal","status":"publish","type":"post","link":"https:\/\/medicinainterna.com.mx\/?p=8372","title":{"rendered":"S\u00edndrome de Adams-Victor-Mancal."},"content":{"rendered":"<p>Un s\u00edndrome que afecta a ambos sexos, caracterizado por una debilidad progresiva de la cara y de la lengua, y dificultades del habla y de la degluci\u00f3n. Ocasionalmente se observan fen\u00f3menos seudobulbares y signo de Babinski postivo. Esta condici\u00f3n se observa en el alcoholismo y en algunas carencias nutricionales.<\/p>\n","protected":false},"excerpt":{"rendered":"<p>Un s\u00edndrome que afecta a ambos sexos, caracterizado por una debilidad progresiva de la cara y de la lengua, y dificultades del habla y de la degluci\u00f3n. Ocasionalmente se observan fen\u00f3menos seudobulbares y signo de Babinski postivo. Esta condici\u00f3n se observa en el alcoholismo y en algunas carencias nutricionales.<\/p>\n","protected":false},"author":2,"featured_media":0,"comment_status":"closed","ping_status":"closed","sticky":false,"template":"","format":"standard","meta":{"_jetpack_memberships_contains_paid_content":false,"footnotes":""},"categories":[7,19],"tags":[],"class_list":["post-8372","post","type-post","status-publish","format-standard","hentry","category-glosario","category-sindromes"],"jetpack_sharing_enabled":true,"jetpack_featured_media_url":"","_links":{"self":[{"href":"https:\/\/medicinainterna.com.mx\/index.php?rest_route=\/wp\/v2\/posts\/8372","targetHints":{"allow":["GET"]}}],"collection":[{"href":"https:\/\/medicinainterna.com.mx\/index.php?rest_route=\/wp\/v2\/posts"}],"about":[{"href":"https:\/\/medicinainterna.com.mx\/index.php?rest_route=\/wp\/v2\/types\/post"}],"author":[{"embeddable":true,"href":"https:\/\/medicinainterna.com.mx\/index.php?rest_route=\/wp\/v2\/users\/2"}],"replies":[{"embeddable":true,"href":"https:\/\/medicinainterna.com.mx\/index.php?rest_route=%2Fwp%2Fv2%2Fcomments&post=8372"}],"version-history":[{"count":0,"href":"https:\/\/medicinainterna.com.mx\/index.php?rest_route=\/wp\/v2\/posts\/8372\/revisions"}],"wp:attachment":[{"href":"https:\/\/medicinainterna.com.mx\/index.php?rest_route=%2Fwp%2Fv2%2Fmedia&parent=8372"}],"wp:term":[{"taxonomy":"category","embeddable":true,"href":"https:\/\/medicinainterna.com.mx\/index.php?rest_route=%2Fwp%2Fv2%2Fcategories&post=8372"},{"taxonomy":"post_tag","embeddable":true,"href":"https:\/\/medicinainterna.com.mx\/index.php?rest_route=%2Fwp%2Fv2%2Ftags&post=8372"}],"curies":[{"name":"wp","href":"https:\/\/api.w.org\/{rel}","templated":true}]}}