{"id":8228,"date":"2016-05-13T17:18:33","date_gmt":"2016-05-13T22:18:33","guid":{"rendered":"http:\/\/medicinainterna.com.mx\/?p=8228"},"modified":"2016-05-13T17:18:33","modified_gmt":"2016-05-13T22:18:33","slug":"signo-de-barraquer-bordas-ii","status":"publish","type":"post","link":"https:\/\/medicinainterna.com.mx\/?p=8228","title":{"rendered":"Signo de Barraquer-Bordas II."},"content":{"rendered":"<p>Signo de la aproximaci\u00f3n de los dedos anular y me\u00f1ique: Se pide al enfermo que aproxime al m\u00e1ximo los dedos anular e \u00edndice, hasta entrar en contacto entre s\u00ed, incluso a sobreponerse a nivel de sus \u00faltimas falanges, habitualmente por la cara palmar o anterior del dedo medio sobre el \u00edndice, o tambi\u00e9n, si se quiere, por el dorso o encima de aqu\u00e9l (caso en que la aproximaci\u00f3n es menor). Se valora sobre todo la asimetr\u00eda del acto, ya que muchas personas normalmente no logran que aquellos dedos entren en contacto. Es un signo de debilidad de los inter\u00f3seos que tiene valor principalmente (pero no exclusivamente) en las par\u00e1lisis unilaterales ligeras del nervio cubital<\/p>\n","protected":false},"excerpt":{"rendered":"<p>Signo de la aproximaci\u00f3n de los dedos anular y me\u00f1ique: Se pide al enfermo que aproxime al m\u00e1ximo los dedos anular e \u00edndice, hasta entrar en contacto entre s\u00ed, incluso a sobreponerse a nivel de sus \u00faltimas falanges, habitualmente por la cara palmar o anterior del dedo medio sobre el \u00edndice, o tambi\u00e9n, si se &hellip; <a href=\"https:\/\/medicinainterna.com.mx\/?p=8228\" class=\"more-link\">Continue reading<span class=\"screen-reader-text\"> &#8220;Signo de Barraquer-Bordas II.&#8221;<\/span><\/a><\/p>\n","protected":false},"author":2,"featured_media":0,"comment_status":"closed","ping_status":"closed","sticky":false,"template":"","format":"standard","meta":{"_jetpack_memberships_contains_paid_content":false,"footnotes":""},"categories":[18],"tags":[],"class_list":["post-8228","post","type-post","status-publish","format-standard","hentry","category-signos-y-sintomas"],"jetpack_sharing_enabled":true,"jetpack_featured_media_url":"","_links":{"self":[{"href":"https:\/\/medicinainterna.com.mx\/index.php?rest_route=\/wp\/v2\/posts\/8228","targetHints":{"allow":["GET"]}}],"collection":[{"href":"https:\/\/medicinainterna.com.mx\/index.php?rest_route=\/wp\/v2\/posts"}],"about":[{"href":"https:\/\/medicinainterna.com.mx\/index.php?rest_route=\/wp\/v2\/types\/post"}],"author":[{"embeddable":true,"href":"https:\/\/medicinainterna.com.mx\/index.php?rest_route=\/wp\/v2\/users\/2"}],"replies":[{"embeddable":true,"href":"https:\/\/medicinainterna.com.mx\/index.php?rest_route=%2Fwp%2Fv2%2Fcomments&post=8228"}],"version-history":[{"count":0,"href":"https:\/\/medicinainterna.com.mx\/index.php?rest_route=\/wp\/v2\/posts\/8228\/revisions"}],"wp:attachment":[{"href":"https:\/\/medicinainterna.com.mx\/index.php?rest_route=%2Fwp%2Fv2%2Fmedia&parent=8228"}],"wp:term":[{"taxonomy":"category","embeddable":true,"href":"https:\/\/medicinainterna.com.mx\/index.php?rest_route=%2Fwp%2Fv2%2Fcategories&post=8228"},{"taxonomy":"post_tag","embeddable":true,"href":"https:\/\/medicinainterna.com.mx\/index.php?rest_route=%2Fwp%2Fv2%2Ftags&post=8228"}],"curies":[{"name":"wp","href":"https:\/\/api.w.org\/{rel}","templated":true}]}}