{"id":7798,"date":"2015-12-16T09:54:51","date_gmt":"2015-12-16T15:54:51","guid":{"rendered":"http:\/\/medicinainterna.com.mx\/?p=7798"},"modified":"2015-12-16T09:54:51","modified_gmt":"2015-12-16T15:54:51","slug":"afasia","status":"publish","type":"post","link":"https:\/\/medicinainterna.com.mx\/?p=7798","title":{"rendered":"Afasia."},"content":{"rendered":"<p>Es un defecto del lenguaje debido a una lesi\u00f3n encef\u00e1lica; el paciente puede tener una dificultad para comprender preguntas o texto escrito (<i>afasia sensorial<\/i>) o para expresarse en forma verbal o escrita (<i>afasia motora<\/i>).<\/p>\n<p>Tipos de Afasias:<\/p>\n<p><b>Afasia an\u00f3mica:<\/b>Es la afasia m\u00e1s leve y frecuente. Puede ocurrir por lesiones en muy diversas localizaciones o ser el d\u00e9ficit residual de la evoluci\u00f3n de una afasia de otro tipo tras un proceso de rehabilitaci\u00f3n. La afasia an\u00f3mica se caracteriza por una importante dificultad en la denominaci\u00f3n, junto a una expresi\u00f3n fluida, una comprensi\u00f3n relativamente preservada y una capacidad para la repetici\u00f3n casi normal.<\/p>\n<p><b>Afasias cortical:<\/b> se dan por una lesi\u00f3n perisilviana (alrededor de la cisura de Silvio). Son las m\u00e1s comunes y se diferencian de las transcorticales en que en las corticales la repetici\u00f3n est\u00e1 alterada en grado variable.<\/p>\n<p><b>Afasia de Broca (motora):<\/b>Se produce por lesi\u00f3n de la circunvoluci\u00f3n frontal inferior (\u00e1rea de Broca) izquierda y \u00e1reas adyacentes. Se caracteriza por la casi imposibilidad para articular y el empleo de frases cortas (habla telegr\u00e1fica), que son producidas con gran esfuerzo y aprosodia.<\/p>\n<p><b>Afasia de conducci\u00f3n:<\/b>Se produce por una lesi\u00f3n del fasc\u00edculo arqueado, que conecta el \u00e1rea de Broca y de Wernicke. Su principal caracter\u00edstica es una incapacidad para la repetici\u00f3n.<\/p>\n<p><b>Afasia global:<\/b>Se utiliza dicho t\u00e9rmino para denominar el tipo de afasia en el que tanto la comprensi\u00f3n como la expresi\u00f3n est\u00e1n alteradas, comparti\u00e9ndose por tanto rasgos de la afasia de Broca y de la afasia de Wernicke. Se produce generalmente por la interrupci\u00f3n temporal del riego sangu\u00edneo en la arteria cerebral media.<\/p>\n<p><b>Afasia transcortical motora:<\/b>Aparece por lesiones en la sustancia blanca inmediatamente anterior al asta frontal del ventr\u00edculo lateral izquierdo, o por lesiones corticales y de sustancia blanca en las regiones prefrontales y premotoras que rodean el op\u00e9rculo frontal.<\/p>\n<p>El paciente con afasia transcortical motora sufre una reducci\u00f3n importante del habla espont\u00e1nea: es dificultosa, escasa, dispros\u00f3dica y generalmente compuesta de frases cortas. Esto contrasta con su repetici\u00f3n, ya que pueden llegar a repetir frases bastante largas. Ser\u00eda, por tanto, similar a la afasia de Broca, aunque m\u00e1s leve y con la repetici\u00f3n conservada.<\/p>\n<p><b>Afasia Transcortical sensorial:<\/b>En la afasia transcortical sensorial el output verbal es fluido (frecuentemente paraf\u00e1sico y de contenido irrelevante) y la comprensi\u00f3n es muy limitada, pero la repetici\u00f3n, al igual que en el resto de afasias transcorticales, est\u00e1 conservada. Ser\u00eda, por tanto, similar a una afasia de Wernicke, pero de car\u00e1cter m\u00e1s leve y con la repetici\u00f3n conservada. La lectura y escritura est\u00e1n alteradas.<\/p>\n<p><b>Afasia transcortical mixta:<\/b>El habla espont\u00e1nea es pobre, aunque cuando alguien le habla puede responder con una verbalizaci\u00f3n fluida corta; sin embargo, la respuesta es casi una repetici\u00f3n directa de las palabras del otro (ecolalia); sin que exista comprensi\u00f3n. La denominaci\u00f3n, lectura y escritura est\u00e1n alteradas. Ser\u00eda similar a una afasia global, pero con la repetici\u00f3n conservada.<\/p>\n<p><b>Afasia de Wernicke (sensorial):<\/b>Se produce por lesi\u00f3n de \u00e1reas temporo-parietales (\u00e1rea de Wernicke). Se caracteriza por un d\u00e9ficit en la comprensi\u00f3n y el habla fluida, que est\u00e1 completamente desprovista de sentido. Los individuos con este tipo de afasia pueden presentar logorrea, neologismos y parafasias.<\/p>\n","protected":false},"excerpt":{"rendered":"<p>Es un defecto del lenguaje debido a una lesi\u00f3n encef\u00e1lica; el paciente puede tener una dificultad para comprender preguntas o texto escrito (afasia sensorial) o para expresarse en forma verbal o escrita (afasia motora). Tipos de Afasias: Afasia an\u00f3mica:Es la afasia m\u00e1s leve y frecuente. Puede ocurrir por lesiones en muy diversas localizaciones o ser &hellip; <a href=\"https:\/\/medicinainterna.com.mx\/?p=7798\" class=\"more-link\">Continue reading<span class=\"screen-reader-text\"> &#8220;Afasia.&#8221;<\/span><\/a><\/p>\n","protected":false},"author":2,"featured_media":0,"comment_status":"closed","ping_status":"closed","sticky":false,"template":"","format":"standard","meta":{"_jetpack_memberships_contains_paid_content":false,"footnotes":""},"categories":[7],"tags":[],"class_list":["post-7798","post","type-post","status-publish","format-standard","hentry","category-glosario"],"jetpack_sharing_enabled":true,"jetpack_featured_media_url":"","_links":{"self":[{"href":"https:\/\/medicinainterna.com.mx\/index.php?rest_route=\/wp\/v2\/posts\/7798","targetHints":{"allow":["GET"]}}],"collection":[{"href":"https:\/\/medicinainterna.com.mx\/index.php?rest_route=\/wp\/v2\/posts"}],"about":[{"href":"https:\/\/medicinainterna.com.mx\/index.php?rest_route=\/wp\/v2\/types\/post"}],"author":[{"embeddable":true,"href":"https:\/\/medicinainterna.com.mx\/index.php?rest_route=\/wp\/v2\/users\/2"}],"replies":[{"embeddable":true,"href":"https:\/\/medicinainterna.com.mx\/index.php?rest_route=%2Fwp%2Fv2%2Fcomments&post=7798"}],"version-history":[{"count":0,"href":"https:\/\/medicinainterna.com.mx\/index.php?rest_route=\/wp\/v2\/posts\/7798\/revisions"}],"wp:attachment":[{"href":"https:\/\/medicinainterna.com.mx\/index.php?rest_route=%2Fwp%2Fv2%2Fmedia&parent=7798"}],"wp:term":[{"taxonomy":"category","embeddable":true,"href":"https:\/\/medicinainterna.com.mx\/index.php?rest_route=%2Fwp%2Fv2%2Fcategories&post=7798"},{"taxonomy":"post_tag","embeddable":true,"href":"https:\/\/medicinainterna.com.mx\/index.php?rest_route=%2Fwp%2Fv2%2Ftags&post=7798"}],"curies":[{"name":"wp","href":"https:\/\/api.w.org\/{rel}","templated":true}]}}