{"id":7789,"date":"2015-10-01T12:16:41","date_gmt":"2015-10-01T17:16:41","guid":{"rendered":"http:\/\/medicinainterna.com.mx\/?p=7789"},"modified":"2015-10-01T12:16:41","modified_gmt":"2015-10-01T17:16:41","slug":"modelo-clinico-para-predecir-la-probabilidad-de-trombosis-venosa-profunda-tvp","status":"publish","type":"post","link":"https:\/\/medicinainterna.com.mx\/?p=7789","title":{"rendered":"Modelo Cl\u00ednico para predecir la probabilidad de Trombosis Venosa Profunda (TVP)."},"content":{"rendered":"<table width=\"396\" border=\"1\" cellspacing=\"0\" cellpadding=\"0\">\n<tbody>\n<tr>\n<td valign=\"top\" width=\"182\"><i>Caracter\u00edstica cl\u00ednica<\/i><i><\/i><\/td>\n<td valign=\"top\" width=\"33\">\n<p align=\"center\"><i>Puntos<\/i><i><\/i><\/p>\n<\/td>\n<\/tr>\n<tr>\n<td valign=\"top\" width=\"182\">Cancer en actividad (pacientes que han recibido tratamiento en los ultimos 6 meses o reciben tratamiento paliativo)<\/td>\n<td valign=\"top\" width=\"33\">\n<p align=\"center\">1<\/p>\n<\/td>\n<\/tr>\n<tr>\n<td valign=\"top\" width=\"182\">Par\u00e1lisis, paresias o inmovilizaci\u00f3n reciente de extremidades inferiores<\/td>\n<td valign=\"top\" width=\"33\">\n<p align=\"center\">1<\/p>\n<\/td>\n<\/tr>\n<tr>\n<td valign=\"top\" width=\"182\">Encamado por 3 o mas d\u00edas o cirug\u00eda mayor con anestesia general o regional en las 12 semanas previas<\/td>\n<td valign=\"top\" width=\"33\">\n<p align=\"center\">1<\/p>\n<\/td>\n<\/tr>\n<tr>\n<td valign=\"top\" width=\"182\">Dolor a la palpaci\u00f3n localizada en la distribuci\u00f3n del sistema venoso profundo<\/td>\n<td valign=\"top\" width=\"33\">\n<p align=\"center\">1<\/p>\n<\/td>\n<\/tr>\n<tr>\n<td valign=\"top\" width=\"182\">Inflamaci\u00f3n en toda la pierna<\/td>\n<td valign=\"top\" width=\"33\">\n<p align=\"center\">1<\/p>\n<\/td>\n<\/tr>\n<tr>\n<td valign=\"top\" width=\"182\">Inflamaci\u00f3n de la pantorrilla de al menos 3 cent\u00edmetros superior al de la pierna asintom\u00e1tica.<\/td>\n<td valign=\"top\" width=\"33\">\n<p align=\"center\">1<\/p>\n<\/td>\n<\/tr>\n<tr>\n<td valign=\"top\" width=\"182\">Edema con f\u00f3vea confinada a la pierna sintom\u00e1tica<\/td>\n<td valign=\"top\" width=\"33\">\n<p align=\"center\">1<\/p>\n<\/td>\n<\/tr>\n<tr>\n<td valign=\"top\" width=\"182\">Venas superficiales colaterales (no varicosas)<\/td>\n<td valign=\"top\" width=\"33\">\n<p align=\"center\">1<\/p>\n<\/td>\n<\/tr>\n<tr>\n<td valign=\"top\" width=\"182\">TVP previamente documentada<\/td>\n<td valign=\"top\" width=\"33\">\n<p align=\"center\">1<\/p>\n<\/td>\n<\/tr>\n<tr>\n<td valign=\"top\" width=\"182\">Diagn\u00f3stico alternativo al menos tan probable como el de TVP<\/td>\n<td valign=\"top\" width=\"33\">\n<p align=\"center\">-2<\/p>\n<\/td>\n<\/tr>\n<\/tbody>\n<\/table>\n<p>TVP Probable: Puntuaci\u00f3n igual o mayor a 2<\/p>\n<p>TVP improbable: Puntuacion menor a 2.<\/p>\n<p>Fuente: P\u00e1ramo JA, Rui\u00edz de Gaona E., Gar\u00eda R, et al. Diagn\u00f3stico y tratamiento de la Trombosis Venosa Profunda. Rev Med Univ Navarra 2007;51(1): 13-17.<\/p>\n","protected":false},"excerpt":{"rendered":"<p>Caracter\u00edstica cl\u00ednica Puntos Cancer en actividad (pacientes que han recibido tratamiento en los ultimos 6 meses o reciben tratamiento paliativo) 1 Par\u00e1lisis, paresias o inmovilizaci\u00f3n reciente de extremidades inferiores 1 Encamado por 3 o mas d\u00edas o cirug\u00eda mayor con anestesia general o regional en las 12 semanas previas 1 Dolor a la palpaci\u00f3n localizada &hellip; <a href=\"https:\/\/medicinainterna.com.mx\/?p=7789\" class=\"more-link\">Continue reading<span class=\"screen-reader-text\"> &#8220;Modelo Cl\u00ednico para predecir la probabilidad de Trombosis Venosa Profunda (TVP).&#8221;<\/span><\/a><\/p>\n","protected":false},"author":2,"featured_media":0,"comment_status":"closed","ping_status":"closed","sticky":false,"template":"","format":"standard","meta":{"_jetpack_memberships_contains_paid_content":false,"footnotes":""},"categories":[2],"tags":[],"class_list":["post-7789","post","type-post","status-publish","format-standard","hentry","category-cardiologia"],"jetpack_sharing_enabled":true,"jetpack_featured_media_url":"","_links":{"self":[{"href":"https:\/\/medicinainterna.com.mx\/index.php?rest_route=\/wp\/v2\/posts\/7789","targetHints":{"allow":["GET"]}}],"collection":[{"href":"https:\/\/medicinainterna.com.mx\/index.php?rest_route=\/wp\/v2\/posts"}],"about":[{"href":"https:\/\/medicinainterna.com.mx\/index.php?rest_route=\/wp\/v2\/types\/post"}],"author":[{"embeddable":true,"href":"https:\/\/medicinainterna.com.mx\/index.php?rest_route=\/wp\/v2\/users\/2"}],"replies":[{"embeddable":true,"href":"https:\/\/medicinainterna.com.mx\/index.php?rest_route=%2Fwp%2Fv2%2Fcomments&post=7789"}],"version-history":[{"count":0,"href":"https:\/\/medicinainterna.com.mx\/index.php?rest_route=\/wp\/v2\/posts\/7789\/revisions"}],"wp:attachment":[{"href":"https:\/\/medicinainterna.com.mx\/index.php?rest_route=%2Fwp%2Fv2%2Fmedia&parent=7789"}],"wp:term":[{"taxonomy":"category","embeddable":true,"href":"https:\/\/medicinainterna.com.mx\/index.php?rest_route=%2Fwp%2Fv2%2Fcategories&post=7789"},{"taxonomy":"post_tag","embeddable":true,"href":"https:\/\/medicinainterna.com.mx\/index.php?rest_route=%2Fwp%2Fv2%2Ftags&post=7789"}],"curies":[{"name":"wp","href":"https:\/\/api.w.org\/{rel}","templated":true}]}}