{"id":7525,"date":"2015-07-27T18:16:25","date_gmt":"2015-07-27T23:16:25","guid":{"rendered":"http:\/\/medicinainterna.com.mx\/?p=7525"},"modified":"2015-07-27T18:16:25","modified_gmt":"2015-07-27T23:16:25","slug":"signo-de-weill","status":"publish","type":"post","link":"https:\/\/medicinainterna.com.mx\/?p=7525","title":{"rendered":"Signo de Weill."},"content":{"rendered":"<p>falta de expansi\u00f3n de la regi\u00f3n subclavicular del lado afecto en la neumon\u00eda infantil.<\/p>\n","protected":false},"excerpt":{"rendered":"<p>falta de expansi\u00f3n de la regi\u00f3n subclavicular del lado afecto en la neumon\u00eda infantil.<\/p>\n","protected":false},"author":2,"featured_media":0,"comment_status":"closed","ping_status":"closed","sticky":false,"template":"","format":"standard","meta":{"_jetpack_memberships_contains_paid_content":false,"footnotes":""},"categories":[18],"tags":[],"class_list":["post-7525","post","type-post","status-publish","format-standard","hentry","category-signos-y-sintomas"],"jetpack_sharing_enabled":true,"jetpack_featured_media_url":"","_links":{"self":[{"href":"https:\/\/medicinainterna.com.mx\/index.php?rest_route=\/wp\/v2\/posts\/7525","targetHints":{"allow":["GET"]}}],"collection":[{"href":"https:\/\/medicinainterna.com.mx\/index.php?rest_route=\/wp\/v2\/posts"}],"about":[{"href":"https:\/\/medicinainterna.com.mx\/index.php?rest_route=\/wp\/v2\/types\/post"}],"author":[{"embeddable":true,"href":"https:\/\/medicinainterna.com.mx\/index.php?rest_route=\/wp\/v2\/users\/2"}],"replies":[{"embeddable":true,"href":"https:\/\/medicinainterna.com.mx\/index.php?rest_route=%2Fwp%2Fv2%2Fcomments&post=7525"}],"version-history":[{"count":0,"href":"https:\/\/medicinainterna.com.mx\/index.php?rest_route=\/wp\/v2\/posts\/7525\/revisions"}],"wp:attachment":[{"href":"https:\/\/medicinainterna.com.mx\/index.php?rest_route=%2Fwp%2Fv2%2Fmedia&parent=7525"}],"wp:term":[{"taxonomy":"category","embeddable":true,"href":"https:\/\/medicinainterna.com.mx\/index.php?rest_route=%2Fwp%2Fv2%2Fcategories&post=7525"},{"taxonomy":"post_tag","embeddable":true,"href":"https:\/\/medicinainterna.com.mx\/index.php?rest_route=%2Fwp%2Fv2%2Ftags&post=7525"}],"curies":[{"name":"wp","href":"https:\/\/api.w.org\/{rel}","templated":true}]}}