{"id":7486,"date":"2015-04-08T19:12:39","date_gmt":"2015-04-09T00:12:39","guid":{"rendered":"http:\/\/medicinainterna.com.mx\/?p=7486"},"modified":"2015-04-08T19:12:39","modified_gmt":"2015-04-09T00:12:39","slug":"criterios-de-evaluacion-de-la-escala-diagnostica-de-alvarado","status":"publish","type":"post","link":"https:\/\/medicinainterna.com.mx\/?p=7486","title":{"rendered":"Criterios de evaluaci\u00f3n de la Escala Diagnostica de Alvarado."},"content":{"rendered":"<table border=\"1\" cellspacing=\"0\" cellpadding=\"0\">\n<tbody>\n<tr>\n<td valign=\"top\" width=\"50\"><b><i>Variables<\/i><\/b><\/td>\n<td valign=\"top\" width=\"128\"><b><i>Criterio<\/i><\/b><\/td>\n<td valign=\"top\" width=\"56\"><b><i>Valor<\/i><\/b><\/td>\n<\/tr>\n<tr>\n<td valign=\"top\" width=\"50\">S\u00edntomas<\/td>\n<td valign=\"top\" width=\"128\">Migracion del dolor<\/td>\n<td valign=\"top\" width=\"56\">1<\/td>\n<\/tr>\n<tr>\n<td valign=\"top\" width=\"50\">&nbsp;<\/td>\n<td valign=\"top\" width=\"128\">Anorexia<\/td>\n<td valign=\"top\" width=\"56\">1<\/td>\n<\/tr>\n<tr>\n<td valign=\"top\" width=\"50\">&nbsp;<\/td>\n<td valign=\"top\" width=\"128\">Nauseas y\/v\u00f3mitos<\/td>\n<td valign=\"top\" width=\"56\">1<\/td>\n<\/tr>\n<tr>\n<td valign=\"top\" width=\"50\">Signos<\/td>\n<td valign=\"top\" width=\"128\">Dolor en cuadrante inferior derecho<\/td>\n<td valign=\"top\" width=\"56\">2<\/td>\n<\/tr>\n<tr>\n<td valign=\"top\" width=\"50\">&nbsp;<\/td>\n<td valign=\"top\" width=\"128\">Rebote<\/td>\n<td valign=\"top\" width=\"56\">1<\/td>\n<\/tr>\n<tr>\n<td valign=\"top\" width=\"50\">&nbsp;<\/td>\n<td valign=\"top\" width=\"128\">Elevaci\u00f3n de la temperatura &gt;38.0\u00baC<\/td>\n<td valign=\"top\" width=\"56\">1<\/td>\n<\/tr>\n<tr>\n<td valign=\"top\" width=\"50\">Laboratorio<\/td>\n<td valign=\"top\" width=\"128\">Leucocitosis &gt;10,500 por mm<sup>3<\/sup><\/td>\n<td valign=\"top\" width=\"56\">2<\/td>\n<\/tr>\n<tr>\n<td valign=\"top\" width=\"50\">&nbsp;<\/td>\n<td valign=\"top\" width=\"128\">Desviaci\u00f3n a la izquierda de neutr\u00f3filos &gt;75%<\/td>\n<td valign=\"top\" width=\"56\">1<\/td>\n<\/tr>\n<\/tbody>\n<\/table>\n<p>&nbsp;<\/p>\n<h3>Criterios de decisi\u00f3n de la escala diagn\u00f3stica de Alvarado.<\/h3>\n<table border=\"1\" cellspacing=\"0\" cellpadding=\"0\">\n<tbody>\n<tr>\n<td valign=\"top\" width=\"156\">\n<p align=\"center\"><b><i>Decisi\u00f3n<\/i><\/b><\/p>\n<\/td>\n<td valign=\"top\" width=\"56\">\n<p align=\"center\"><b><i>Puntaje<\/i><\/b><\/p>\n<\/td>\n<\/tr>\n<tr>\n<td valign=\"top\" width=\"156\">Negativo para apendicitis<\/td>\n<td valign=\"top\" width=\"56\">0 &#8211; 4<\/td>\n<\/tr>\n<tr>\n<td valign=\"top\" width=\"156\">Posible apendicitis<\/td>\n<td valign=\"top\" width=\"56\">5 &#8211; 6<\/td>\n<\/tr>\n<tr>\n<td valign=\"top\" width=\"156\">Probable Apendicitis<\/td>\n<td valign=\"top\" width=\"56\">7 &#8211; 8<\/td>\n<\/tr>\n<tr>\n<td valign=\"top\" width=\"156\">Apendicitis<\/td>\n<td valign=\"top\" width=\"56\">9 &#8211; 10<\/td>\n<\/tr>\n<\/tbody>\n<\/table>\n<p>Fuente: Velazque M, Dolores. Godinez R, C\u00e9sar. V\u00e1zquez G, Miguel Angel. Evaluacion prospectiva de la escala de Alvarado e el Diagn\u00f3stico de apendicitis aguda. Cirijano General Vol. 32 Num 1-2010..<\/p>\n<p>&nbsp;<\/p>\n","protected":false},"excerpt":{"rendered":"<p>Variables Criterio Valor S\u00edntomas Migracion del dolor 1 &nbsp; Anorexia 1 &nbsp; Nauseas y\/v\u00f3mitos 1 Signos Dolor en cuadrante inferior derecho 2 &nbsp; Rebote 1 &nbsp; Elevaci\u00f3n de la temperatura &gt;38.0\u00baC 1 Laboratorio Leucocitosis &gt;10,500 por mm3 2 &nbsp; Desviaci\u00f3n a la izquierda de neutr\u00f3filos &gt;75% 1 &nbsp; Criterios de decisi\u00f3n de la escala diagn\u00f3stica &hellip; <a href=\"https:\/\/medicinainterna.com.mx\/?p=7486\" class=\"more-link\">Continue reading<span class=\"screen-reader-text\"> &#8220;Criterios de evaluaci\u00f3n de la Escala Diagnostica de Alvarado.&#8221;<\/span><\/a><\/p>\n","protected":false},"author":2,"featured_media":0,"comment_status":"closed","ping_status":"closed","sticky":false,"template":"","format":"standard","meta":{"_jetpack_memberships_contains_paid_content":false,"footnotes":""},"categories":[6],"tags":[22],"class_list":["post-7486","post","type-post","status-publish","format-standard","hentry","category-gastroenterologia","tag-apendicitis"],"jetpack_sharing_enabled":true,"jetpack_featured_media_url":"","_links":{"self":[{"href":"https:\/\/medicinainterna.com.mx\/index.php?rest_route=\/wp\/v2\/posts\/7486","targetHints":{"allow":["GET"]}}],"collection":[{"href":"https:\/\/medicinainterna.com.mx\/index.php?rest_route=\/wp\/v2\/posts"}],"about":[{"href":"https:\/\/medicinainterna.com.mx\/index.php?rest_route=\/wp\/v2\/types\/post"}],"author":[{"embeddable":true,"href":"https:\/\/medicinainterna.com.mx\/index.php?rest_route=\/wp\/v2\/users\/2"}],"replies":[{"embeddable":true,"href":"https:\/\/medicinainterna.com.mx\/index.php?rest_route=%2Fwp%2Fv2%2Fcomments&post=7486"}],"version-history":[{"count":0,"href":"https:\/\/medicinainterna.com.mx\/index.php?rest_route=\/wp\/v2\/posts\/7486\/revisions"}],"wp:attachment":[{"href":"https:\/\/medicinainterna.com.mx\/index.php?rest_route=%2Fwp%2Fv2%2Fmedia&parent=7486"}],"wp:term":[{"taxonomy":"category","embeddable":true,"href":"https:\/\/medicinainterna.com.mx\/index.php?rest_route=%2Fwp%2Fv2%2Fcategories&post=7486"},{"taxonomy":"post_tag","embeddable":true,"href":"https:\/\/medicinainterna.com.mx\/index.php?rest_route=%2Fwp%2Fv2%2Ftags&post=7486"}],"curies":[{"name":"wp","href":"https:\/\/api.w.org\/{rel}","templated":true}]}}