{"id":7401,"date":"2013-12-19T00:00:46","date_gmt":"2013-12-19T06:00:46","guid":{"rendered":"http:\/\/medicinainterna.com.mx\/?p=7401"},"modified":"2013-12-19T00:00:46","modified_gmt":"2013-12-19T06:00:46","slug":"multivitaminas-sin-ningun-beneficio-para-la-prevencion-cardiovascular-o-demencia","status":"publish","type":"post","link":"https:\/\/medicinainterna.com.mx\/?p=7401","title":{"rendered":"Multivitaminas sin ning\u00fan beneficio para la prevenci\u00f3n Cardiovascular o demencia."},"content":{"rendered":"<p>Dos nuevos estudios en la revista Annals of Internal Medicine fortalecen el argumento contra el uso de multivitaminas para la prevenci\u00f3n de enfermedades cr\u00f3nicas.<\/p>\n<p>En la primera , unos 1.700 adultos norteamericanos mayores de 50 a\u00f1os que hab\u00eda tenido un infarto de miocardio al menos 6 semanas antes fueron aleatorizados a una alta dosis de vitaminas (28 componentes y minerales) o placebo. Durante aproximadamente 4,5 a\u00f1os de seguimiento , la incidencia del resultado primario compuesto por &#8211; mortalidad por cualquier causa , IM recurrente , accidente cerebrovascular , revascularizaci\u00f3n y hospitalizaci\u00f3n por angina de pecho &#8211; no difirieron significativamente entre los grupos.<\/p>\n<p>En el segundo estudio, casi 6.000 m\u00e9dicos hombres estadounidenses mayores de 65 a\u00f1os fueron asignados al azar a un multivitam\u00ednico o un placebo diariamente . Despu\u00e9s de 8,5 a\u00f1os de seguimiento, no hubo diferencias significativas entre los grupos en la cognici\u00f3n global o la memoria verbal.<\/p>\n<p>Creemos que el caso est\u00e1 cerrado &#8211; Complementar la dieta de los adultos bien alimentados con ( la mayor\u00eda) de los minerales o de los suplementos de vitamina no tiene claro beneficio e incluso podr\u00eda ser perjudicial. Estas vitaminas no deben utilizarse para la prevenci\u00f3n de enfermedades cr\u00f3nicas. Ya es suficiente<\/p>\n<p>Journal Watch, Diciembre 2013.<\/p>\n","protected":false},"excerpt":{"rendered":"<p>Dos nuevos estudios en la revista Annals of Internal Medicine fortalecen el argumento contra el uso de multivitaminas para la prevenci\u00f3n de enfermedades cr\u00f3nicas. En la primera , unos 1.700 adultos norteamericanos mayores de 50 a\u00f1os que hab\u00eda tenido un infarto de miocardio al menos 6 semanas antes fueron aleatorizados a una alta dosis de &hellip; <a href=\"https:\/\/medicinainterna.com.mx\/?p=7401\" class=\"more-link\">Continue reading<span class=\"screen-reader-text\"> &#8220;Multivitaminas sin ning\u00fan beneficio para la prevenci\u00f3n Cardiovascular o demencia.&#8221;<\/span><\/a><\/p>\n","protected":false},"author":2,"featured_media":0,"comment_status":"open","ping_status":"open","sticky":false,"template":"","format":"standard","meta":{"_jetpack_memberships_contains_paid_content":false,"footnotes":""},"categories":[12],"tags":[],"class_list":["post-7401","post","type-post","status-publish","format-standard","hentry","category-interesantes"],"jetpack_sharing_enabled":true,"jetpack_featured_media_url":"","_links":{"self":[{"href":"https:\/\/medicinainterna.com.mx\/index.php?rest_route=\/wp\/v2\/posts\/7401","targetHints":{"allow":["GET"]}}],"collection":[{"href":"https:\/\/medicinainterna.com.mx\/index.php?rest_route=\/wp\/v2\/posts"}],"about":[{"href":"https:\/\/medicinainterna.com.mx\/index.php?rest_route=\/wp\/v2\/types\/post"}],"author":[{"embeddable":true,"href":"https:\/\/medicinainterna.com.mx\/index.php?rest_route=\/wp\/v2\/users\/2"}],"replies":[{"embeddable":true,"href":"https:\/\/medicinainterna.com.mx\/index.php?rest_route=%2Fwp%2Fv2%2Fcomments&post=7401"}],"version-history":[{"count":0,"href":"https:\/\/medicinainterna.com.mx\/index.php?rest_route=\/wp\/v2\/posts\/7401\/revisions"}],"wp:attachment":[{"href":"https:\/\/medicinainterna.com.mx\/index.php?rest_route=%2Fwp%2Fv2%2Fmedia&parent=7401"}],"wp:term":[{"taxonomy":"category","embeddable":true,"href":"https:\/\/medicinainterna.com.mx\/index.php?rest_route=%2Fwp%2Fv2%2Fcategories&post=7401"},{"taxonomy":"post_tag","embeddable":true,"href":"https:\/\/medicinainterna.com.mx\/index.php?rest_route=%2Fwp%2Fv2%2Ftags&post=7401"}],"curies":[{"name":"wp","href":"https:\/\/api.w.org\/{rel}","templated":true}]}}