{"id":2913,"date":"2011-06-23T16:43:00","date_gmt":"2011-06-23T21:43:00","guid":{"rendered":"http:\/\/medicinainterna.com.mx\/2011\/06\/23\/signo-de-dandy-3"},"modified":"2011-06-23T16:43:00","modified_gmt":"2011-06-23T21:43:00","slug":"signo-de-dandy-3","status":"publish","type":"post","link":"https:\/\/medicinainterna.com.mx\/?p=2913","title":{"rendered":"Signo de Dandy."},"content":{"rendered":"<p>Dos resultados:<\/p>\n<p>1. Signo cl\u00ednico y diagn\u00f3stico diferencial para la neuritis del N. ischiasdiscus en la hernia del n\u00facleo pulposo en la parte inferior de la columna vertebral. El dolor isqui\u00e1tico se intensifica al toser o estornudar. Al mismo tiempo, en el lado afectado hay una p\u00e9rdida o debilitaci\u00f3n del reflejo del tend\u00f3n de Aquiles asi como debilidad y atrofia muscular.<\/p>\n<p>2. signo cl\u00ednico y diagn\u00f3stico diferencial para la neuritis del N. ischiasdiscus en la hernia del n\u00facleo pulposo en la parte inferior de la columna vertebral. El dolor isqui\u00e1tico se intensifica al toser o estornudar. Al mismo tiempo, en el lado afectado hay una p\u00e9rdida o debilitaci\u00f3n del reflejo del tend\u00f3n de Aquiles asi como debilidad y atrofia muscular.<\/p>\n","protected":false},"excerpt":{"rendered":"<p>Dos resultados: 1. Signo cl\u00ednico y diagn\u00f3stico diferencial para la neuritis del N. ischiasdiscus en la hernia del n\u00facleo pulposo en la parte inferior de la columna vertebral. El dolor isqui\u00e1tico se intensifica al toser o estornudar. Al mismo tiempo, en el lado afectado hay una p\u00e9rdida o debilitaci\u00f3n del reflejo del tend\u00f3n de Aquiles &hellip; <a href=\"https:\/\/medicinainterna.com.mx\/?p=2913\" class=\"more-link\">Continue reading<span class=\"screen-reader-text\"> &#8220;Signo de Dandy.&#8221;<\/span><\/a><\/p>\n","protected":false},"author":2,"featured_media":0,"comment_status":"open","ping_status":"open","sticky":false,"template":"","format":"standard","meta":{"_jetpack_memberships_contains_paid_content":false,"footnotes":""},"categories":[18],"tags":[],"class_list":["post-2913","post","type-post","status-publish","format-standard","hentry","category-signos-y-sintomas"],"jetpack_sharing_enabled":true,"jetpack_featured_media_url":"","_links":{"self":[{"href":"https:\/\/medicinainterna.com.mx\/index.php?rest_route=\/wp\/v2\/posts\/2913","targetHints":{"allow":["GET"]}}],"collection":[{"href":"https:\/\/medicinainterna.com.mx\/index.php?rest_route=\/wp\/v2\/posts"}],"about":[{"href":"https:\/\/medicinainterna.com.mx\/index.php?rest_route=\/wp\/v2\/types\/post"}],"author":[{"embeddable":true,"href":"https:\/\/medicinainterna.com.mx\/index.php?rest_route=\/wp\/v2\/users\/2"}],"replies":[{"embeddable":true,"href":"https:\/\/medicinainterna.com.mx\/index.php?rest_route=%2Fwp%2Fv2%2Fcomments&post=2913"}],"version-history":[{"count":0,"href":"https:\/\/medicinainterna.com.mx\/index.php?rest_route=\/wp\/v2\/posts\/2913\/revisions"}],"wp:attachment":[{"href":"https:\/\/medicinainterna.com.mx\/index.php?rest_route=%2Fwp%2Fv2%2Fmedia&parent=2913"}],"wp:term":[{"taxonomy":"category","embeddable":true,"href":"https:\/\/medicinainterna.com.mx\/index.php?rest_route=%2Fwp%2Fv2%2Fcategories&post=2913"},{"taxonomy":"post_tag","embeddable":true,"href":"https:\/\/medicinainterna.com.mx\/index.php?rest_route=%2Fwp%2Fv2%2Ftags&post=2913"}],"curies":[{"name":"wp","href":"https:\/\/api.w.org\/{rel}","templated":true}]}}