{"id":2672,"date":"2011-07-14T10:45:00","date_gmt":"2011-07-14T15:45:00","guid":{"rendered":"http:\/\/medicinainterna.com.mx\/2011\/07\/14\/signo-de-leri-2"},"modified":"2011-07-14T10:45:00","modified_gmt":"2011-07-14T15:45:00","slug":"signo-de-leri-2","status":"publish","type":"post","link":"https:\/\/medicinainterna.com.mx\/?p=2672","title":{"rendered":"Signo de Leri."},"content":{"rendered":"<p>La flexi\u00f3n pasiva de la mano y mu\u00f1eca del lado afecto en la hemiplej\u00eda no produce flexi\u00f3n normal del codo.<\/p>\n","protected":false},"excerpt":{"rendered":"<p>La flexi\u00f3n pasiva de la mano y mu\u00f1eca del lado afecto en la hemiplej\u00eda no produce flexi\u00f3n normal del codo.<\/p>\n","protected":false},"author":2,"featured_media":0,"comment_status":"open","ping_status":"open","sticky":false,"template":"","format":"standard","meta":{"_jetpack_memberships_contains_paid_content":false,"footnotes":""},"categories":[18],"tags":[],"class_list":["post-2672","post","type-post","status-publish","format-standard","hentry","category-signos-y-sintomas"],"jetpack_sharing_enabled":true,"jetpack_featured_media_url":"","_links":{"self":[{"href":"https:\/\/medicinainterna.com.mx\/index.php?rest_route=\/wp\/v2\/posts\/2672","targetHints":{"allow":["GET"]}}],"collection":[{"href":"https:\/\/medicinainterna.com.mx\/index.php?rest_route=\/wp\/v2\/posts"}],"about":[{"href":"https:\/\/medicinainterna.com.mx\/index.php?rest_route=\/wp\/v2\/types\/post"}],"author":[{"embeddable":true,"href":"https:\/\/medicinainterna.com.mx\/index.php?rest_route=\/wp\/v2\/users\/2"}],"replies":[{"embeddable":true,"href":"https:\/\/medicinainterna.com.mx\/index.php?rest_route=%2Fwp%2Fv2%2Fcomments&post=2672"}],"version-history":[{"count":0,"href":"https:\/\/medicinainterna.com.mx\/index.php?rest_route=\/wp\/v2\/posts\/2672\/revisions"}],"wp:attachment":[{"href":"https:\/\/medicinainterna.com.mx\/index.php?rest_route=%2Fwp%2Fv2%2Fmedia&parent=2672"}],"wp:term":[{"taxonomy":"category","embeddable":true,"href":"https:\/\/medicinainterna.com.mx\/index.php?rest_route=%2Fwp%2Fv2%2Fcategories&post=2672"},{"taxonomy":"post_tag","embeddable":true,"href":"https:\/\/medicinainterna.com.mx\/index.php?rest_route=%2Fwp%2Fv2%2Ftags&post=2672"}],"curies":[{"name":"wp","href":"https:\/\/api.w.org\/{rel}","templated":true}]}}