{"id":2014,"date":"2010-02-10T19:52:00","date_gmt":"2010-02-11T01:52:00","guid":{"rendered":"http:\/\/medicinainterna.com.mx\/2010\/02\/10\/clasificacion-de-roma-iii-de-los-trastornos-funcionales-digestivos-del-adulto"},"modified":"2010-02-10T19:52:00","modified_gmt":"2010-02-11T01:52:00","slug":"clasificacion-de-roma-iii-de-los-trastornos-funcionales-digestivos-del-adulto","status":"publish","type":"post","link":"https:\/\/medicinainterna.com.mx\/?p=2014","title":{"rendered":"Clasificaci\u00f3n de Roma III de los Trastornos Funcionales Digestivos del adulto."},"content":{"rendered":"<h5>\u00a0<\/h5>\n<table border=\"1\" cellspacing=\"3\" cellpadding=\"0\">\n<tbody>\n<tr>\n<td valign=\"top\" width=\"67\">\n<p>A.<\/p>\n<\/td>\n<td valign=\"top\" width=\"509\">\n<p>Trastornos funcionales esof\u00e1gicos<\/p>\n<p>A1. Pirosis funcional<\/p>\n<p>A2. Dolor tor\u00e1cico funcional de posible origen esof\u00e1gico<\/p>\n<p>A3. Disfagia funcional<\/p>\n<p>A4. Globo esof\u00e1gico<\/p>\n<\/td>\n<\/tr>\n<tr>\n<td valign=\"top\" width=\"67\">\n<p>B.<\/p>\n<\/td>\n<td valign=\"top\" width=\"509\">\n<p>Trastornos funcionales gastroduodenales<\/p>\n<p>B1. Dispepsia funcional<\/p>\n<p>B1a. S\u00edndrome del distr\u00e9s postprandial<\/p>\n<p>B1b. S\u00edndrome del dolor epig\u00e1strico<\/p>\n<p>B2. Trastornos con eructos<\/p>\n<p>B2a. Aerofagia<\/p>\n<p>B2b. Eructos excesivos de origen no espec\u00edfico<\/p>\n<p>B3. Trastornos con nauseas y v\u00f3mitos<\/p>\n<p>B3a. Nausea idiop\u00e1ticas cr\u00f3nicas<\/p>\n<p>B3b. V\u00f3mitos funcionales<\/p>\n<p>B3c. S\u00edndrome de v\u00f3mitos c\u00edclicos<\/p>\n<p>B4. S\u00edndrome de rumiaci\u00f3n<\/p>\n<\/td>\n<\/tr>\n<tr>\n<td valign=\"top\" width=\"67\">\n<p>C.<\/p>\n<\/td>\n<td valign=\"top\" width=\"509\">\n<p>Trastornos funcionales intestinales<\/p>\n<p>C1. S\u00edndrome del intestino irritable<\/p>\n<p>C2. Hinchaz\u00f3n funcional<\/p>\n<p>C3. Estre\u00f1imiento funcional<\/p>\n<p>C4. Diarrea funcional<\/p>\n<p>C5. Trastornos intestinales funcionales no espec\u00edficos<\/p>\n<\/td>\n<\/tr>\n<tr>\n<td valign=\"top\" width=\"67\">\n<p>D.<\/p>\n<\/td>\n<td valign=\"top\" width=\"509\">\n<p>S\u00edndrome del dolor abdominal funcional<\/p>\n<\/td>\n<\/tr>\n<tr>\n<td valign=\"top\" width=\"67\">\n<p>E.<\/p>\n<\/td>\n<td valign=\"top\" width=\"509\">\n<p>Trastornos funcionales de la ves\u00edcula biliar y el esf\u00ednter de Oddi<\/p>\n<p>E1. Trastornos funcionales de la ves\u00edcula biliar<\/p>\n<p>E2. Trastornos funcionales biliares del esf\u00ednter de Oddi<\/p>\n<p>E3. Trastornos funcionales pancre\u00e1ticos del esf\u00ednter de Oddi<\/p>\n<\/td>\n<\/tr>\n<tr>\n<td valign=\"top\" width=\"67\">\n<p>F.<\/p>\n<\/td>\n<td valign=\"top\" width=\"509\">\n<p>Trastornos funcionales anorectales<\/p>\n<p>F1. Incontinencia fecal funcional<\/p>\n<p>F2. Dolor anorectal funcional<\/p>\n<p>F2a. Proctalgia cr\u00f3nica<\/p>\n<p>F2a1. S\u00edndrome del elevador del ano<\/p>\n<p>F2a2. Dolor anorectal funcional no espec\u00edfico<\/p>\n<p>F2b. Proctalgia fugaz<\/p>\n<p>F3. Trastornos funcionales de la defecaci\u00f3n<\/p>\n<p>F3a. Defecaci\u00f3n disin\u00e9rgica<\/p>\n<p>F3b. Propulsi\u00f3n defecatoria inadecuada<\/p>\n<\/td>\n<\/tr>\n<\/tbody>\n<\/table>\n<p> Fuente: http:\/\/www.aegastro.es\/Areas\/Trastornos_Funcionales\/Roma_III.pdf  <\/p>\n<div class=\"blogger-post-footer\"><img width='1' height='1' src='https:\/\/blogger.googleusercontent.com\/tracker\/3335219593278186444-6226484175310418866?l=www.medinterna.com.mx' alt='' \/><\/div>\n","protected":false},"excerpt":{"rendered":"<p>\u00a0 A. Trastornos funcionales esof\u00e1gicos A1. Pirosis funcional A2. Dolor tor\u00e1cico funcional de posible origen esof\u00e1gico A3. Disfagia funcional A4. Globo esof\u00e1gico B. Trastornos funcionales gastroduodenales B1. Dispepsia funcional B1a. S\u00edndrome del distr\u00e9s postprandial B1b. S\u00edndrome del dolor epig\u00e1strico B2. Trastornos con eructos B2a. Aerofagia B2b. Eructos excesivos de origen no espec\u00edfico B3. Trastornos con &hellip; <a href=\"https:\/\/medicinainterna.com.mx\/?p=2014\" class=\"more-link\">Continue reading<span class=\"screen-reader-text\"> &#8220;Clasificaci\u00f3n de Roma III de los Trastornos Funcionales Digestivos del adulto.&#8221;<\/span><\/a><\/p>\n","protected":false},"author":3,"featured_media":0,"comment_status":"open","ping_status":"open","sticky":false,"template":"","format":"standard","meta":{"_jetpack_memberships_contains_paid_content":false,"footnotes":""},"categories":[6],"tags":[],"class_list":["post-2014","post","type-post","status-publish","format-standard","hentry","category-gastroenterologia"],"jetpack_sharing_enabled":true,"jetpack_featured_media_url":"","_links":{"self":[{"href":"https:\/\/medicinainterna.com.mx\/index.php?rest_route=\/wp\/v2\/posts\/2014","targetHints":{"allow":["GET"]}}],"collection":[{"href":"https:\/\/medicinainterna.com.mx\/index.php?rest_route=\/wp\/v2\/posts"}],"about":[{"href":"https:\/\/medicinainterna.com.mx\/index.php?rest_route=\/wp\/v2\/types\/post"}],"author":[{"embeddable":true,"href":"https:\/\/medicinainterna.com.mx\/index.php?rest_route=\/wp\/v2\/users\/3"}],"replies":[{"embeddable":true,"href":"https:\/\/medicinainterna.com.mx\/index.php?rest_route=%2Fwp%2Fv2%2Fcomments&post=2014"}],"version-history":[{"count":0,"href":"https:\/\/medicinainterna.com.mx\/index.php?rest_route=\/wp\/v2\/posts\/2014\/revisions"}],"wp:attachment":[{"href":"https:\/\/medicinainterna.com.mx\/index.php?rest_route=%2Fwp%2Fv2%2Fmedia&parent=2014"}],"wp:term":[{"taxonomy":"category","embeddable":true,"href":"https:\/\/medicinainterna.com.mx\/index.php?rest_route=%2Fwp%2Fv2%2Fcategories&post=2014"},{"taxonomy":"post_tag","embeddable":true,"href":"https:\/\/medicinainterna.com.mx\/index.php?rest_route=%2Fwp%2Fv2%2Ftags&post=2014"}],"curies":[{"name":"wp","href":"https:\/\/api.w.org\/{rel}","templated":true}]}}