{"id":2009,"date":"2010-02-10T19:57:00","date_gmt":"2010-02-11T01:57:00","guid":{"rendered":"http:\/\/medicinainterna.com.mx\/2010\/02\/10\/criterios-de-west-haven-para-la-valoracion-del-estado-mental-en-la-encefalopatia-hepatica"},"modified":"2010-02-10T19:57:00","modified_gmt":"2010-02-11T01:57:00","slug":"criterios-de-west-haven-para-la-valoracion-del-estado-mental-en-la-encefalopatia-hepatica","status":"publish","type":"post","link":"https:\/\/medicinainterna.com.mx\/?p=2009","title":{"rendered":"Criterios de West-Haven para la valoraci\u00f3n del estado mental en la encefalopat\u00eda hep\u00e1tica."},"content":{"rendered":"<h5>\u00a0<\/h5>\n<table border=\"1\" cellpadding=\"0\">\n<tbody>\n<tr>\n<td>\n<p>Grado 0 <\/p>\n<\/td>\n<td>\n<p>No se detecta ninguna anomal\u00eda<\/p>\n<\/td>\n<\/tr>\n<tr>\n<td>\n<p>Grado 1 <\/p>\n<\/td>\n<td>\n<p>Falta trivial de alerta, euforia, ansiedad            <br \/>Acortamiento del espacio de atenci\u00f3n             <br \/>Deterioro del rendimiento en la suma o en la resta<\/p>\n<\/td>\n<\/tr>\n<tr>\n<td>\n<p>Grado 2 <\/p>\n<\/td>\n<td>\n<p>Letargia, apat\u00eda, desorientaci\u00f3n temporoespacial            <br \/>Alteraci\u00f3n evidente de la personalidad             <br \/>Comportamiento inapropiado<\/p>\n<\/td>\n<\/tr>\n<tr>\n<td>\n<p>Grado 3 <\/p>\n<\/td>\n<td>\n<p>Somnolencia o semiestupor, pero con repuesta a est\u00edmulos            <br \/>Confusi\u00f3n<\/p>\n<\/td>\n<\/tr>\n<tr>\n<td>\n<p>Grado 4 <\/p>\n<\/td>\n<td>\n<p>Coma            <br \/>Estado mental no evaluable<\/p>\n<\/td>\n<\/tr>\n<\/tbody>\n<\/table>\n<p>Fuente: Conn HO, Lieberthal MM. The hepatic coma syndromes and lactulose. Baltimore: Williams and Wilkins, 1979.<\/p>\n<div class=\"blogger-post-footer\"><img width='1' height='1' src='https:\/\/blogger.googleusercontent.com\/tracker\/3335219593278186444-3754029010090766905?l=www.medinterna.com.mx' alt='' \/><\/div>\n","protected":false},"excerpt":{"rendered":"<p>\u00a0 Grado 0 No se detecta ninguna anomal\u00eda Grado 1 Falta trivial de alerta, euforia, ansiedad Acortamiento del espacio de atenci\u00f3n Deterioro del rendimiento en la suma o en la resta Grado 2 Letargia, apat\u00eda, desorientaci\u00f3n temporoespacial Alteraci\u00f3n evidente de la personalidad Comportamiento inapropiado Grado 3 Somnolencia o semiestupor, pero con repuesta a est\u00edmulos Confusi\u00f3n &hellip; <a href=\"https:\/\/medicinainterna.com.mx\/?p=2009\" class=\"more-link\">Continue reading<span class=\"screen-reader-text\"> &#8220;Criterios de West-Haven para la valoraci\u00f3n del estado mental en la encefalopat\u00eda hep\u00e1tica.&#8221;<\/span><\/a><\/p>\n","protected":false},"author":3,"featured_media":0,"comment_status":"open","ping_status":"open","sticky":false,"template":"","format":"standard","meta":{"_jetpack_memberships_contains_paid_content":false,"footnotes":""},"categories":[6],"tags":[],"class_list":["post-2009","post","type-post","status-publish","format-standard","hentry","category-gastroenterologia"],"jetpack_sharing_enabled":true,"jetpack_featured_media_url":"","_links":{"self":[{"href":"https:\/\/medicinainterna.com.mx\/index.php?rest_route=\/wp\/v2\/posts\/2009","targetHints":{"allow":["GET"]}}],"collection":[{"href":"https:\/\/medicinainterna.com.mx\/index.php?rest_route=\/wp\/v2\/posts"}],"about":[{"href":"https:\/\/medicinainterna.com.mx\/index.php?rest_route=\/wp\/v2\/types\/post"}],"author":[{"embeddable":true,"href":"https:\/\/medicinainterna.com.mx\/index.php?rest_route=\/wp\/v2\/users\/3"}],"replies":[{"embeddable":true,"href":"https:\/\/medicinainterna.com.mx\/index.php?rest_route=%2Fwp%2Fv2%2Fcomments&post=2009"}],"version-history":[{"count":0,"href":"https:\/\/medicinainterna.com.mx\/index.php?rest_route=\/wp\/v2\/posts\/2009\/revisions"}],"wp:attachment":[{"href":"https:\/\/medicinainterna.com.mx\/index.php?rest_route=%2Fwp%2Fv2%2Fmedia&parent=2009"}],"wp:term":[{"taxonomy":"category","embeddable":true,"href":"https:\/\/medicinainterna.com.mx\/index.php?rest_route=%2Fwp%2Fv2%2Fcategories&post=2009"},{"taxonomy":"post_tag","embeddable":true,"href":"https:\/\/medicinainterna.com.mx\/index.php?rest_route=%2Fwp%2Fv2%2Ftags&post=2009"}],"curies":[{"name":"wp","href":"https:\/\/api.w.org\/{rel}","templated":true}]}}