{"id":2008,"date":"2010-02-10T19:57:00","date_gmt":"2010-02-11T01:57:00","guid":{"rendered":"http:\/\/medicinainterna.com.mx\/2010\/02\/10\/encefalopatia-portosistemica"},"modified":"2010-02-10T19:57:00","modified_gmt":"2010-02-11T01:57:00","slug":"encefalopatia-portosistemica","status":"publish","type":"post","link":"https:\/\/medicinainterna.com.mx\/?p=2008","title":{"rendered":"Encefalopatia Portosistemica."},"content":{"rendered":"<h5>\u00a0<\/h5>\n<table border=\"1\" cellspacing=\"1\" cellpadding=\"0\">\n<tbody>\n<tr>\n<td width=\"58\">\n<p>Grado 1:<\/p>\n<\/td>\n<td>\n<p>Confusi\u00f3n, leve alteraci\u00f3n del comportamiento, tests psicom\u00e9tricos alterados.           <br \/>Asterixis (-).            <br \/>Ritmo del sue\u00f1o algo alterado. <\/p>\n<\/td>\n<\/tr>\n<tr>\n<td width=\"58\">\n<p>Grado 2:<\/p>\n<\/td>\n<td>\n<p>Conducta inapropiada, mantiene lenguaje aunque lento.           <br \/>Obedece \u00f3rdenes.            <br \/>Asterixis siempre presente.            <br \/>Alteraci\u00f3n franca del ritmo del sue\u00f1o. <\/p>\n<\/td>\n<\/tr>\n<tr>\n<td width=\"58\">\n<p>Grado 3:<\/p>\n<\/td>\n<td>\n<p>Marcadamente confuso, s\u00f3lo obedece \u00f3rdenes simples.           <br \/>Hablar inarticulado.            <br \/>Duerme pero puede ser despertado.            <br \/>Aterixis presente si el paciente puede cooperar. <\/p>\n<\/td>\n<\/tr>\n<tr>\n<td width=\"58\">\n<p>Grado 4:<\/p>\n<\/td>\n<td>\n<p>Coma, puede (A) o no puede ser despertado (B).           <br \/>Puede responder a est\u00edmulos dolorosos (A).            <br \/>Asterixis no evocable.<\/p>\n<\/td>\n<\/tr>\n<\/tbody>\n<\/table>\n<p> Fuente: Aun por asignar.  <\/p>\n<div class=\"blogger-post-footer\"><img width='1' height='1' src='https:\/\/blogger.googleusercontent.com\/tracker\/3335219593278186444-7163169374855936564?l=www.medinterna.com.mx' alt='' \/><\/div>\n","protected":false},"excerpt":{"rendered":"<p>\u00a0 Grado 1: Confusi\u00f3n, leve alteraci\u00f3n del comportamiento, tests psicom\u00e9tricos alterados. Asterixis (-). Ritmo del sue\u00f1o algo alterado. Grado 2: Conducta inapropiada, mantiene lenguaje aunque lento. Obedece \u00f3rdenes. Asterixis siempre presente. Alteraci\u00f3n franca del ritmo del sue\u00f1o. Grado 3: Marcadamente confuso, s\u00f3lo obedece \u00f3rdenes simples. Hablar inarticulado. Duerme pero puede ser despertado. Aterixis presente si &hellip; <a href=\"https:\/\/medicinainterna.com.mx\/?p=2008\" class=\"more-link\">Continue reading<span class=\"screen-reader-text\"> &#8220;Encefalopatia Portosistemica.&#8221;<\/span><\/a><\/p>\n","protected":false},"author":3,"featured_media":0,"comment_status":"open","ping_status":"open","sticky":false,"template":"","format":"standard","meta":{"_jetpack_memberships_contains_paid_content":false,"footnotes":""},"categories":[6],"tags":[],"class_list":["post-2008","post","type-post","status-publish","format-standard","hentry","category-gastroenterologia"],"jetpack_sharing_enabled":true,"jetpack_featured_media_url":"","_links":{"self":[{"href":"https:\/\/medicinainterna.com.mx\/index.php?rest_route=\/wp\/v2\/posts\/2008","targetHints":{"allow":["GET"]}}],"collection":[{"href":"https:\/\/medicinainterna.com.mx\/index.php?rest_route=\/wp\/v2\/posts"}],"about":[{"href":"https:\/\/medicinainterna.com.mx\/index.php?rest_route=\/wp\/v2\/types\/post"}],"author":[{"embeddable":true,"href":"https:\/\/medicinainterna.com.mx\/index.php?rest_route=\/wp\/v2\/users\/3"}],"replies":[{"embeddable":true,"href":"https:\/\/medicinainterna.com.mx\/index.php?rest_route=%2Fwp%2Fv2%2Fcomments&post=2008"}],"version-history":[{"count":0,"href":"https:\/\/medicinainterna.com.mx\/index.php?rest_route=\/wp\/v2\/posts\/2008\/revisions"}],"wp:attachment":[{"href":"https:\/\/medicinainterna.com.mx\/index.php?rest_route=%2Fwp%2Fv2%2Fmedia&parent=2008"}],"wp:term":[{"taxonomy":"category","embeddable":true,"href":"https:\/\/medicinainterna.com.mx\/index.php?rest_route=%2Fwp%2Fv2%2Fcategories&post=2008"},{"taxonomy":"post_tag","embeddable":true,"href":"https:\/\/medicinainterna.com.mx\/index.php?rest_route=%2Fwp%2Fv2%2Ftags&post=2008"}],"curies":[{"name":"wp","href":"https:\/\/api.w.org\/{rel}","templated":true}]}}