{"id":1975,"date":"2010-03-13T18:41:00","date_gmt":"2010-03-14T00:41:00","guid":{"rendered":"http:\/\/medicinainterna.com.mx\/2010\/03\/13\/clasificacion-de-la-hemorragia-subaracnoidea-de-hunt-y-hess"},"modified":"2010-03-13T18:41:00","modified_gmt":"2010-03-14T00:41:00","slug":"clasificacion-de-la-hemorragia-subaracnoidea-de-hunt-y-hess","status":"publish","type":"post","link":"https:\/\/medicinainterna.com.mx\/?p=1975","title":{"rendered":"Clasificaci\u00f3n de la hemorragia subaracnoidea de Hunt y Hess."},"content":{"rendered":"<h5>\u00a0<\/h5>\n<h5><\/h5>\n<table border=\"1\" cellpadding=\"0\">\n<tbody>\n<tr>\n<td>\n<p><b>GRADOS <\/b><\/p>\n<\/td>\n<td>\n<p><b>CRITERIOS<\/b><\/p>\n<\/td>\n<\/tr>\n<tr>\n<td>\n<p>Grado 0\u00a0 <\/p>\n<p>Grado I\u00a0 <\/p>\n<p>Grado II\u00a0 <\/p>\n<p>Grado III <\/p>\n<p>Grado IV <\/p>\n<p>Grado V<\/p>\n<\/td>\n<td>\n<p>Aneurisma \u00edntegro <\/p>\n<p>Asintom\u00e1tico o m\u00ednima cefalea y ligera rigidez de nuca <\/p>\n<p>Cefalea moderado-severa, rigidez de nuca y no focalidades excepto par\u00e1lisis de pares craneales. <\/p>\n<p>Somnolencia, confusi\u00f3n, focalidades moderadas. <\/p>\n<p>Estupor, hemiparesia moderada-severa, posible rigidez de descerebraci\u00f3n precoz y alteraciones vegetativas. <\/p>\n<p>Coma profundo, rigidez de descerebraci\u00f3n, aspecto de moribundo.<\/p>\n<\/td>\n<\/tr>\n<\/tbody>\n<\/table>\n<p>Fuente: Hunt WE, Hess RM: Surgical risk as related to time of intervention in the repair of intracranial aneurysms. J Neurosurg 1968;14<\/p>\n<div class=\"blogger-post-footer\"><img width='1' height='1' src='https:\/\/blogger.googleusercontent.com\/tracker\/3335219593278186444-7425373707364561390?l=www.medinterna.com.mx' alt='' \/><\/div>\n","protected":false},"excerpt":{"rendered":"<p>\u00a0 GRADOS CRITERIOS Grado 0\u00a0 Grado I\u00a0 Grado II\u00a0 Grado III Grado IV Grado V Aneurisma \u00edntegro Asintom\u00e1tico o m\u00ednima cefalea y ligera rigidez de nuca Cefalea moderado-severa, rigidez de nuca y no focalidades excepto par\u00e1lisis de pares craneales. Somnolencia, confusi\u00f3n, focalidades moderadas. Estupor, hemiparesia moderada-severa, posible rigidez de descerebraci\u00f3n precoz y alteraciones vegetativas. Coma &hellip; <a href=\"https:\/\/medicinainterna.com.mx\/?p=1975\" class=\"more-link\">Continue reading<span class=\"screen-reader-text\"> &#8220;Clasificaci\u00f3n de la hemorragia subaracnoidea de Hunt y Hess.&#8221;<\/span><\/a><\/p>\n","protected":false},"author":2,"featured_media":0,"comment_status":"open","ping_status":"open","sticky":false,"template":"","format":"standard","meta":{"_jetpack_memberships_contains_paid_content":false,"footnotes":""},"categories":[15],"tags":[],"class_list":["post-1975","post","type-post","status-publish","format-standard","hentry","category-neurologia"],"jetpack_sharing_enabled":true,"jetpack_featured_media_url":"","_links":{"self":[{"href":"https:\/\/medicinainterna.com.mx\/index.php?rest_route=\/wp\/v2\/posts\/1975","targetHints":{"allow":["GET"]}}],"collection":[{"href":"https:\/\/medicinainterna.com.mx\/index.php?rest_route=\/wp\/v2\/posts"}],"about":[{"href":"https:\/\/medicinainterna.com.mx\/index.php?rest_route=\/wp\/v2\/types\/post"}],"author":[{"embeddable":true,"href":"https:\/\/medicinainterna.com.mx\/index.php?rest_route=\/wp\/v2\/users\/2"}],"replies":[{"embeddable":true,"href":"https:\/\/medicinainterna.com.mx\/index.php?rest_route=%2Fwp%2Fv2%2Fcomments&post=1975"}],"version-history":[{"count":0,"href":"https:\/\/medicinainterna.com.mx\/index.php?rest_route=\/wp\/v2\/posts\/1975\/revisions"}],"wp:attachment":[{"href":"https:\/\/medicinainterna.com.mx\/index.php?rest_route=%2Fwp%2Fv2%2Fmedia&parent=1975"}],"wp:term":[{"taxonomy":"category","embeddable":true,"href":"https:\/\/medicinainterna.com.mx\/index.php?rest_route=%2Fwp%2Fv2%2Fcategories&post=1975"},{"taxonomy":"post_tag","embeddable":true,"href":"https:\/\/medicinainterna.com.mx\/index.php?rest_route=%2Fwp%2Fv2%2Ftags&post=1975"}],"curies":[{"name":"wp","href":"https:\/\/api.w.org\/{rel}","templated":true}]}}