{"id":1972,"date":"2010-03-13T18:43:00","date_gmt":"2010-03-14T00:43:00","guid":{"rendered":"http:\/\/medicinainterna.com.mx\/2010\/03\/13\/severidad-de-la-hemorragia-subaracnoidea-2"},"modified":"2010-03-13T18:43:00","modified_gmt":"2010-03-14T00:43:00","slug":"severidad-de-la-hemorragia-subaracnoidea-2","status":"publish","type":"post","link":"https:\/\/medicinainterna.com.mx\/?p=1972","title":{"rendered":"Severidad de la hemorragia subaracnoidea."},"content":{"rendered":"<h5>\u00a0<\/h5>\n<table border=\"0\" cellspacing=\"0\" cellpadding=\"0\">\n<tbody>\n<tr>\n<td valign=\"top\" width=\"59\">\n<p><b>Grado<\/b><\/p>\n<\/td>\n<td valign=\"top\" width=\"584\">\u00a0<\/td>\n<\/tr>\n<tr>\n<td valign=\"top\" width=\"59\">\n<p>I<\/p>\n<\/td>\n<td valign=\"top\" width=\"584\">\n<p>Glasgow 15<\/p>\n<p>Neurologicamente intacto (excepto paralisis de N. craneales)<\/p>\n<\/td>\n<\/tr>\n<tr>\n<td valign=\"top\" width=\"59\">\n<p>II<\/p>\n<\/td>\n<td valign=\"top\" width=\"584\">\n<p>Glasgow 15<\/p>\n<p>Cefalea y rigidez de nuca<\/p>\n<\/td>\n<\/tr>\n<tr>\n<td valign=\"top\" width=\"59\">\n<p>III<\/p>\n<\/td>\n<td valign=\"top\" width=\"584\">\n<p>Glasgow 13-14<\/p>\n<p>IIIa sin d\u00e9ficit focal<\/p>\n<p>IIIb con d\u00e9ficit focal<\/p>\n<\/td>\n<\/tr>\n<tr>\n<td valign=\"top\" width=\"59\">\n<p>IV<\/p>\n<\/td>\n<td valign=\"top\" width=\"584\">\n<p>Glasgow 8-12<\/p>\n<p>Con o sin d\u00e9ficit focal<\/p>\n<\/td>\n<\/tr>\n<tr>\n<td valign=\"top\" width=\"59\">\n<p>V<\/p>\n<\/td>\n<td valign=\"top\" width=\"584\">\n<p>Glasgow 3-7<\/p>\n<p>Estado comatoso<\/p>\n<\/td>\n<\/tr>\n<\/tbody>\n<\/table>\n<p>Fuente: K. Sono, A. Takura. 1989.<\/p>\n<div class=\"blogger-post-footer\"><img width='1' height='1' src='https:\/\/blogger.googleusercontent.com\/tracker\/3335219593278186444-4874537827594954?l=www.medinterna.com.mx' alt='' \/><\/div>\n","protected":false},"excerpt":{"rendered":"<p>\u00a0 Grado \u00a0 I Glasgow 15 Neurologicamente intacto (excepto paralisis de N. craneales) II Glasgow 15 Cefalea y rigidez de nuca III Glasgow 13-14 IIIa sin d\u00e9ficit focal IIIb con d\u00e9ficit focal IV Glasgow 8-12 Con o sin d\u00e9ficit focal V Glasgow 3-7 Estado comatoso Fuente: K. Sono, A. Takura. 1989.<\/p>\n","protected":false},"author":2,"featured_media":0,"comment_status":"open","ping_status":"open","sticky":false,"template":"","format":"standard","meta":{"_jetpack_memberships_contains_paid_content":false,"footnotes":""},"categories":[15],"tags":[],"class_list":["post-1972","post","type-post","status-publish","format-standard","hentry","category-neurologia"],"jetpack_sharing_enabled":true,"jetpack_featured_media_url":"","_links":{"self":[{"href":"https:\/\/medicinainterna.com.mx\/index.php?rest_route=\/wp\/v2\/posts\/1972","targetHints":{"allow":["GET"]}}],"collection":[{"href":"https:\/\/medicinainterna.com.mx\/index.php?rest_route=\/wp\/v2\/posts"}],"about":[{"href":"https:\/\/medicinainterna.com.mx\/index.php?rest_route=\/wp\/v2\/types\/post"}],"author":[{"embeddable":true,"href":"https:\/\/medicinainterna.com.mx\/index.php?rest_route=\/wp\/v2\/users\/2"}],"replies":[{"embeddable":true,"href":"https:\/\/medicinainterna.com.mx\/index.php?rest_route=%2Fwp%2Fv2%2Fcomments&post=1972"}],"version-history":[{"count":0,"href":"https:\/\/medicinainterna.com.mx\/index.php?rest_route=\/wp\/v2\/posts\/1972\/revisions"}],"wp:attachment":[{"href":"https:\/\/medicinainterna.com.mx\/index.php?rest_route=%2Fwp%2Fv2%2Fmedia&parent=1972"}],"wp:term":[{"taxonomy":"category","embeddable":true,"href":"https:\/\/medicinainterna.com.mx\/index.php?rest_route=%2Fwp%2Fv2%2Fcategories&post=1972"},{"taxonomy":"post_tag","embeddable":true,"href":"https:\/\/medicinainterna.com.mx\/index.php?rest_route=%2Fwp%2Fv2%2Ftags&post=1972"}],"curies":[{"name":"wp","href":"https:\/\/api.w.org\/{rel}","templated":true}]}}