{"id":1935,"date":"2010-09-16T11:52:00","date_gmt":"2010-09-16T16:52:00","guid":{"rendered":"http:\/\/medicinainterna.com.mx\/2010\/09\/16\/clasificacion-fisiopatologica-del-coma"},"modified":"2010-09-16T11:52:00","modified_gmt":"2010-09-16T16:52:00","slug":"clasificacion-fisiopatologica-del-coma","status":"publish","type":"post","link":"https:\/\/medicinainterna.com.mx\/?p=1935","title":{"rendered":"Clasificaci\u00f3n fisiopatol\u00f3gica del coma."},"content":{"rendered":"<h5>\u00a0<\/h5>\n<table border=\"1\" cellpadding=\"0\">\n<tbody>\n<tr>\n<td width=\"99%\">\n<p><u>1. Coma estructural:<\/u><br \/>\u00a0 1.1. Supratentorial: <br \/>\u00a0\u00a0\u00a0 1.1.1. Afectaci\u00f3n hemisf\u00e9rica bilateral. <br \/>\u00a0\u00a0\u00a0 1.1.2. Afectaci\u00f3n hemisf\u00e9rica unilateral y afectaci\u00f3n contralateral secundaria: <br \/>\u00a0\u00a0\u00a0\u00a0\u00a0 1.1.2.1. Herniaci\u00f3n cingulada. <br \/>\u00a0\u00a0\u00a0 1.1.3. Compresi\u00f3n secundaria del SRAA (s\u00edndromes de herniaci\u00f3n): <br \/>\u00a0\u00a0\u00a0\u00a0\u00a0 1.1.3.1. Herniaci\u00f3n central o diencef\u00e1lica. <br \/>\u00a0\u00a0\u00a0\u00a0\u00a0 1.1.3.2. Herniaci\u00f3n uncal. <br \/>\u00a0 1.2. Infratentorial: <br \/>\u00a0\u00a0\u00a0 1.2.1. Lesi\u00f3n directa del SRAA. <br \/>\u00a0\u00a0\u00a0 1.2.2. Compresi\u00f3n directa del SRAA. <br \/>\u00a0\u00a0\u00a0 1.2.3. Compresi\u00f3n secundaria del SRAA (s\u00edndromes de herniaci\u00f3n): <br \/>\u00a0\u00a0\u00a0\u00a0\u00a0 1.2.3.1. Herniaci\u00f3n transtentorial o rostral. <br \/>\u00a0\u00a0\u00a0\u00a0\u00a0 1.2.3.2. Herniaci\u00f3n amigdalar o caudal. <br \/><u>2. Coma metab\u00f3lico.<\/u><\/p>\n<\/td>\n<\/tr>\n<tr>\n<td width=\"99%\">\n<p><b>SRAA:<\/b> sistema reticular activador ascendente.<\/p>\n<\/td>\n<\/tr>\n<\/tbody>\n<\/table>\n<p>Fuente: Molina R, Cabr\u00e9 L: Coma. En: Montejo JC, Garc\u00eda de Lorenzo A, Ortiz Leyba C, Planas M:\u00a0 Manual de Medicina Intensiva. Mosby. 1.996;209-213.<\/p>\n<div class=\"blogger-post-footer\"><img width='1' height='1' src='https:\/\/blogger.googleusercontent.com\/tracker\/3335219593278186444-819923925417759049?l=www.medinterna.com.mx' alt='' \/><\/div>\n","protected":false},"excerpt":{"rendered":"<p>\u00a0 1. Coma estructural:\u00a0 1.1. Supratentorial: \u00a0\u00a0\u00a0 1.1.1. Afectaci\u00f3n hemisf\u00e9rica bilateral. \u00a0\u00a0\u00a0 1.1.2. Afectaci\u00f3n hemisf\u00e9rica unilateral y afectaci\u00f3n contralateral secundaria: \u00a0\u00a0\u00a0\u00a0\u00a0 1.1.2.1. Herniaci\u00f3n cingulada. \u00a0\u00a0\u00a0 1.1.3. Compresi\u00f3n secundaria del SRAA (s\u00edndromes de herniaci\u00f3n): \u00a0\u00a0\u00a0\u00a0\u00a0 1.1.3.1. Herniaci\u00f3n central o diencef\u00e1lica. \u00a0\u00a0\u00a0\u00a0\u00a0 1.1.3.2. Herniaci\u00f3n uncal. \u00a0 1.2. Infratentorial: \u00a0\u00a0\u00a0 1.2.1. Lesi\u00f3n directa del SRAA. \u00a0\u00a0\u00a0 1.2.2. Compresi\u00f3n &hellip; <a href=\"https:\/\/medicinainterna.com.mx\/?p=1935\" class=\"more-link\">Continue reading<span class=\"screen-reader-text\"> &#8220;Clasificaci\u00f3n fisiopatol\u00f3gica del coma.&#8221;<\/span><\/a><\/p>\n","protected":false},"author":2,"featured_media":0,"comment_status":"open","ping_status":"open","sticky":false,"template":"","format":"standard","meta":{"_jetpack_memberships_contains_paid_content":false,"footnotes":""},"categories":[8,15],"tags":[],"class_list":["post-1935","post","type-post","status-publish","format-standard","hentry","category-gravedad-y-edo-fisico","category-neurologia"],"jetpack_sharing_enabled":true,"jetpack_featured_media_url":"","_links":{"self":[{"href":"https:\/\/medicinainterna.com.mx\/index.php?rest_route=\/wp\/v2\/posts\/1935","targetHints":{"allow":["GET"]}}],"collection":[{"href":"https:\/\/medicinainterna.com.mx\/index.php?rest_route=\/wp\/v2\/posts"}],"about":[{"href":"https:\/\/medicinainterna.com.mx\/index.php?rest_route=\/wp\/v2\/types\/post"}],"author":[{"embeddable":true,"href":"https:\/\/medicinainterna.com.mx\/index.php?rest_route=\/wp\/v2\/users\/2"}],"replies":[{"embeddable":true,"href":"https:\/\/medicinainterna.com.mx\/index.php?rest_route=%2Fwp%2Fv2%2Fcomments&post=1935"}],"version-history":[{"count":0,"href":"https:\/\/medicinainterna.com.mx\/index.php?rest_route=\/wp\/v2\/posts\/1935\/revisions"}],"wp:attachment":[{"href":"https:\/\/medicinainterna.com.mx\/index.php?rest_route=%2Fwp%2Fv2%2Fmedia&parent=1935"}],"wp:term":[{"taxonomy":"category","embeddable":true,"href":"https:\/\/medicinainterna.com.mx\/index.php?rest_route=%2Fwp%2Fv2%2Fcategories&post=1935"},{"taxonomy":"post_tag","embeddable":true,"href":"https:\/\/medicinainterna.com.mx\/index.php?rest_route=%2Fwp%2Fv2%2Ftags&post=1935"}],"curies":[{"name":"wp","href":"https:\/\/api.w.org\/{rel}","templated":true}]}}