{"id":1930,"date":"2010-09-16T11:55:00","date_gmt":"2010-09-16T16:55:00","guid":{"rendered":"http:\/\/medicinainterna.com.mx\/2010\/09\/16\/fisiopatologia-del-abceso-cerebral"},"modified":"2010-09-16T11:55:00","modified_gmt":"2010-09-16T16:55:00","slug":"fisiopatologia-del-abceso-cerebral","status":"publish","type":"post","link":"https:\/\/medicinainterna.com.mx\/?p=1930","title":{"rendered":"Fisiopatolog\u00eda del Abceso cerebral."},"content":{"rendered":"<h5>\u00a0<\/h5>\n<table border=\"1\" cellspacing=\"3\" cellpadding=\"0\">\n<tbody>\n<tr>\n<td valign=\"top\" width=\"68\">\n<p><b>Estad\u00edo 1<\/b>: <\/p>\n<\/td>\n<td valign=\"top\" width=\"340\">\n<p>Cerebritis temprana (d\u00eda 1 a 3). Se observa un infiltrado inflamatorio agudo con bacterias visibles al Gram y un marcado edema rodeando la lesi\u00f3n.<\/p>\n<\/td>\n<\/tr>\n<tr>\n<td valign=\"top\" width=\"68\">\n<p><b>Estad\u00edo 2<\/b>: <\/p>\n<\/td>\n<td valign=\"top\" width=\"340\">\n<p>Cerebritis tard\u00eda (d\u00eda 4 a 9). En el centro de la lesi\u00f3n se observa necrosis, los macr\u00f3fagos y fibroblastos invaden la periferia.<\/p>\n<\/td>\n<\/tr>\n<tr>\n<td valign=\"top\" width=\"68\">\n<p><b>Estad\u00edo 3:<\/b><\/p>\n<\/td>\n<td valign=\"top\" width=\"340\">\n<p>Formaci\u00f3n capsular temprana (d\u00eda 10 a 13). El centro necr\u00f3tico comienza a disminuir de tama\u00f1o y simult\u00e1neamente se desarrolla una c\u00e1psula de col\u00e1geno que es menos prominente en el lado ventricular de la lesi\u00f3n. El edema tambi\u00e9n comienza a disminuir.<\/p>\n<\/td>\n<\/tr>\n<tr>\n<td valign=\"top\" width=\"68\">\n<p><b>Estad\u00edo 4<\/b>: <\/p>\n<\/td>\n<td valign=\"top\" width=\"340\">\n<p>Formaci\u00f3n capsular tard\u00eda (d\u00edas 14 y posteriores). La c\u00e1psula contin\u00faa engros\u00e1ndose con un col\u00e1geno reactivo abundante <\/p>\n<\/td>\n<\/tr>\n<\/tbody>\n<\/table>\n<p>Fuente: http:\/\/escuela.med.puc.cl\/publ\/Cuadernos\/2003\/AbscesoEncefalico.html<\/p>\n<div class=\"blogger-post-footer\"><img width='1' height='1' src='https:\/\/blogger.googleusercontent.com\/tracker\/3335219593278186444-276494630960637998?l=www.medinterna.com.mx' alt='' \/><\/div>\n","protected":false},"excerpt":{"rendered":"<p>\u00a0 Estad\u00edo 1: Cerebritis temprana (d\u00eda 1 a 3). Se observa un infiltrado inflamatorio agudo con bacterias visibles al Gram y un marcado edema rodeando la lesi\u00f3n. Estad\u00edo 2: Cerebritis tard\u00eda (d\u00eda 4 a 9). En el centro de la lesi\u00f3n se observa necrosis, los macr\u00f3fagos y fibroblastos invaden la periferia. Estad\u00edo 3: Formaci\u00f3n capsular &hellip; <a href=\"https:\/\/medicinainterna.com.mx\/?p=1930\" class=\"more-link\">Continue reading<span class=\"screen-reader-text\"> &#8220;Fisiopatolog\u00eda del Abceso cerebral.&#8221;<\/span><\/a><\/p>\n","protected":false},"author":2,"featured_media":0,"comment_status":"open","ping_status":"open","sticky":false,"template":"","format":"standard","meta":{"_jetpack_memberships_contains_paid_content":false,"footnotes":""},"categories":[15],"tags":[],"class_list":["post-1930","post","type-post","status-publish","format-standard","hentry","category-neurologia"],"jetpack_sharing_enabled":true,"jetpack_featured_media_url":"","_links":{"self":[{"href":"https:\/\/medicinainterna.com.mx\/index.php?rest_route=\/wp\/v2\/posts\/1930","targetHints":{"allow":["GET"]}}],"collection":[{"href":"https:\/\/medicinainterna.com.mx\/index.php?rest_route=\/wp\/v2\/posts"}],"about":[{"href":"https:\/\/medicinainterna.com.mx\/index.php?rest_route=\/wp\/v2\/types\/post"}],"author":[{"embeddable":true,"href":"https:\/\/medicinainterna.com.mx\/index.php?rest_route=\/wp\/v2\/users\/2"}],"replies":[{"embeddable":true,"href":"https:\/\/medicinainterna.com.mx\/index.php?rest_route=%2Fwp%2Fv2%2Fcomments&post=1930"}],"version-history":[{"count":0,"href":"https:\/\/medicinainterna.com.mx\/index.php?rest_route=\/wp\/v2\/posts\/1930\/revisions"}],"wp:attachment":[{"href":"https:\/\/medicinainterna.com.mx\/index.php?rest_route=%2Fwp%2Fv2%2Fmedia&parent=1930"}],"wp:term":[{"taxonomy":"category","embeddable":true,"href":"https:\/\/medicinainterna.com.mx\/index.php?rest_route=%2Fwp%2Fv2%2Fcategories&post=1930"},{"taxonomy":"post_tag","embeddable":true,"href":"https:\/\/medicinainterna.com.mx\/index.php?rest_route=%2Fwp%2Fv2%2Ftags&post=1930"}],"curies":[{"name":"wp","href":"https:\/\/api.w.org\/{rel}","templated":true}]}}