{"id":1922,"date":"2010-09-16T12:24:00","date_gmt":"2010-09-16T17:24:00","guid":{"rendered":"http:\/\/medicinainterna.com.mx\/2010\/09\/16\/clasificacion-de-osserman-para-enfermedades-miastenicas"},"modified":"2010-09-16T12:24:00","modified_gmt":"2010-09-16T17:24:00","slug":"clasificacion-de-osserman-para-enfermedades-miastenicas","status":"publish","type":"post","link":"https:\/\/medicinainterna.com.mx\/?p=1922","title":{"rendered":"Clasificaci\u00f3n de Osserman para enfermedades Miastenicas."},"content":{"rendered":"<h5>\u00a0<\/h5>\n<table border=\"1\" cellspacing=\"3\" cellpadding=\"0\">\n<tbody>\n<tr>\n<td valign=\"top\" width=\"60\">\n<p>Estadio 0 <\/p>\n<\/td>\n<td valign=\"top\" width=\"348\">\n<p>Sin datos cl\u00ednicos<\/p>\n<\/td>\n<\/tr>\n<tr>\n<td valign=\"top\" width=\"60\">\n<p>Estadio I <\/p>\n<\/td>\n<td valign=\"top\" width=\"348\">\n<p>Debilidad muscular de m\u00fasculos del ojo<\/p>\n<\/td>\n<\/tr>\n<tr>\n<td valign=\"top\" width=\"60\">\n<p>Estadio II <\/p>\n<\/td>\n<td valign=\"top\" width=\"348\">\n<p>Debilidad que afecta otro grupo muscular que no es el ocular<\/p>\n<\/td>\n<\/tr>\n<tr>\n<td valign=\"top\" width=\"60\">\n<p>IIA <\/p>\n<\/td>\n<td valign=\"top\" width=\"348\">\n<p>Afecta extremidades, m\u00fasculos axiales o ambos<\/p>\n<\/td>\n<\/tr>\n<tr>\n<td valign=\"top\" width=\"60\">\n<p>IIB<\/p>\n<\/td>\n<td valign=\"top\" width=\"348\">\n<p>Afecta m\u00fasculos orofar\u00edngeos o respiratorios<\/p>\n<\/td>\n<\/tr>\n<tr>\n<td valign=\"top\" width=\"60\">\n<p>Estadio III <\/p>\n<\/td>\n<td valign=\"top\" width=\"348\">\n<p>Debilidad moderada afectando otro grupo muscular que no sea el ocular<\/p>\n<\/td>\n<\/tr>\n<tr>\n<td valign=\"top\" width=\"60\">\n<p>IIIA <\/p>\n<\/td>\n<td valign=\"top\" width=\"348\">\n<p>Afecta extremidades, m\u00fasculos axiales o ambos<\/p>\n<\/td>\n<\/tr>\n<tr>\n<td valign=\"top\" width=\"60\">\n<p>IIIB <\/p>\n<\/td>\n<td valign=\"top\" width=\"348\">\n<p>Afecta m\u00fasculos orofar\u00edngeos o respiratorios<\/p>\n<\/td>\n<\/tr>\n<tr>\n<td valign=\"top\" width=\"60\">\n<p>Estadio IV <\/p>\n<\/td>\n<td valign=\"top\" width=\"348\">\n<p>Debilidad severa afectando otro grupo muscular que no sea el ocular<\/p>\n<\/td>\n<\/tr>\n<tr>\n<td valign=\"top\" width=\"60\">\n<p>IVA <\/p>\n<\/td>\n<td valign=\"top\" width=\"348\">\n<p>Afecta extremidades, m\u00fasculos axiales o ambos<\/p>\n<\/td>\n<\/tr>\n<tr>\n<td valign=\"top\" width=\"60\">\n<p>IVB <\/p>\n<\/td>\n<td valign=\"top\" width=\"348\">\n<p>Afecta m\u00fasculos orofar\u00edngeos o respiratorios<\/p>\n<\/td>\n<\/tr>\n<tr>\n<td valign=\"top\" width=\"60\">\n<p>Estadio V <\/p>\n<\/td>\n<td valign=\"top\" width=\"348\">\n<p>Paciente intubado con apoyo o no de ventilaci\u00f3n mec\u00e1nica, que no incluye al paciente en el manejo postoperatorio en un paciente con MG<\/p>\n<\/td>\n<\/tr>\n<\/tbody>\n<\/table>\n<p>Fuente de: Osserman KE, Genkins G. Studies on myasthenia gravis; a reference for Health Care Professionals. In: <\/p>\n<p>Myasthenia Gravis Foundation of America. HYPERLINK http:\/\/www.myasthenia.org November, 2003<\/p>\n<div class=\"blogger-post-footer\"><img width='1' height='1' src='https:\/\/blogger.googleusercontent.com\/tracker\/3335219593278186444-5877061093177808234?l=www.medinterna.com.mx' alt='' \/><\/div>\n","protected":false},"excerpt":{"rendered":"<p>\u00a0 Estadio 0 Sin datos cl\u00ednicos Estadio I Debilidad muscular de m\u00fasculos del ojo Estadio II Debilidad que afecta otro grupo muscular que no es el ocular IIA Afecta extremidades, m\u00fasculos axiales o ambos IIB Afecta m\u00fasculos orofar\u00edngeos o respiratorios Estadio III Debilidad moderada afectando otro grupo muscular que no sea el ocular IIIA Afecta &hellip; <a href=\"https:\/\/medicinainterna.com.mx\/?p=1922\" class=\"more-link\">Continue reading<span class=\"screen-reader-text\"> &#8220;Clasificaci\u00f3n de Osserman para enfermedades Miastenicas.&#8221;<\/span><\/a><\/p>\n","protected":false},"author":2,"featured_media":0,"comment_status":"open","ping_status":"open","sticky":false,"template":"","format":"standard","meta":{"_jetpack_memberships_contains_paid_content":false,"footnotes":""},"categories":[15],"tags":[],"class_list":["post-1922","post","type-post","status-publish","format-standard","hentry","category-neurologia"],"jetpack_sharing_enabled":true,"jetpack_featured_media_url":"","_links":{"self":[{"href":"https:\/\/medicinainterna.com.mx\/index.php?rest_route=\/wp\/v2\/posts\/1922","targetHints":{"allow":["GET"]}}],"collection":[{"href":"https:\/\/medicinainterna.com.mx\/index.php?rest_route=\/wp\/v2\/posts"}],"about":[{"href":"https:\/\/medicinainterna.com.mx\/index.php?rest_route=\/wp\/v2\/types\/post"}],"author":[{"embeddable":true,"href":"https:\/\/medicinainterna.com.mx\/index.php?rest_route=\/wp\/v2\/users\/2"}],"replies":[{"embeddable":true,"href":"https:\/\/medicinainterna.com.mx\/index.php?rest_route=%2Fwp%2Fv2%2Fcomments&post=1922"}],"version-history":[{"count":0,"href":"https:\/\/medicinainterna.com.mx\/index.php?rest_route=\/wp\/v2\/posts\/1922\/revisions"}],"wp:attachment":[{"href":"https:\/\/medicinainterna.com.mx\/index.php?rest_route=%2Fwp%2Fv2%2Fmedia&parent=1922"}],"wp:term":[{"taxonomy":"category","embeddable":true,"href":"https:\/\/medicinainterna.com.mx\/index.php?rest_route=%2Fwp%2Fv2%2Fcategories&post=1922"},{"taxonomy":"post_tag","embeddable":true,"href":"https:\/\/medicinainterna.com.mx\/index.php?rest_route=%2Fwp%2Fv2%2Ftags&post=1922"}],"curies":[{"name":"wp","href":"https:\/\/api.w.org\/{rel}","templated":true}]}}