{"id":1875,"date":"2011-04-03T15:24:00","date_gmt":"2011-04-03T20:24:00","guid":{"rendered":"http:\/\/medicinainterna.com.mx\/2011\/04\/03\/sindrome-de-arnold-chiari"},"modified":"2011-04-03T15:24:00","modified_gmt":"2011-04-03T20:24:00","slug":"sindrome-de-arnold-chiari","status":"publish","type":"post","link":"https:\/\/medicinainterna.com.mx\/?p=1875","title":{"rendered":"S\u00edndrome de Arnold Chiari"},"content":{"rendered":"<p>Malformacion cong\u00e9nita que desplaza el tronco cerebral y el cerebelo hacia el canal espinal, se ha restringido a los tipos I y II de Chiari -esto es la malformaci\u00f3n cerebelobulbar sin o con mielomeningocele respectivamente. El tipo III no es m\u00e1s que un meningomielocele cervical alto u occipitocervical con herniaci\u00f3n tonsilar y el tipo IV consiste s\u00f3lo en hipoplasia cerebelosa.<\/p>\n<div class=\"blogger-post-footer\"><img width='1' height='1' src='https:\/\/blogger.googleusercontent.com\/tracker\/3335219593278186444-195961320244741211?l=www.medinterna.com.mx' alt='' \/><\/div>\n","protected":false},"excerpt":{"rendered":"<p>Malformacion cong\u00e9nita que desplaza el tronco cerebral y el cerebelo hacia el canal espinal, se ha restringido a los tipos I y II de Chiari -esto es la malformaci\u00f3n cerebelobulbar sin o con mielomeningocele respectivamente. El tipo III no es m\u00e1s que un meningomielocele cervical alto u occipitocervical con herniaci\u00f3n tonsilar y el tipo IV &hellip; <a href=\"https:\/\/medicinainterna.com.mx\/?p=1875\" class=\"more-link\">Continue reading<span class=\"screen-reader-text\"> &#8220;S\u00edndrome de Arnold Chiari&#8221;<\/span><\/a><\/p>\n","protected":false},"author":2,"featured_media":0,"comment_status":"open","ping_status":"open","sticky":false,"template":"","format":"standard","meta":{"_jetpack_memberships_contains_paid_content":false,"footnotes":""},"categories":[19],"tags":[],"class_list":["post-1875","post","type-post","status-publish","format-standard","hentry","category-sindromes"],"jetpack_sharing_enabled":true,"jetpack_featured_media_url":"","_links":{"self":[{"href":"https:\/\/medicinainterna.com.mx\/index.php?rest_route=\/wp\/v2\/posts\/1875","targetHints":{"allow":["GET"]}}],"collection":[{"href":"https:\/\/medicinainterna.com.mx\/index.php?rest_route=\/wp\/v2\/posts"}],"about":[{"href":"https:\/\/medicinainterna.com.mx\/index.php?rest_route=\/wp\/v2\/types\/post"}],"author":[{"embeddable":true,"href":"https:\/\/medicinainterna.com.mx\/index.php?rest_route=\/wp\/v2\/users\/2"}],"replies":[{"embeddable":true,"href":"https:\/\/medicinainterna.com.mx\/index.php?rest_route=%2Fwp%2Fv2%2Fcomments&post=1875"}],"version-history":[{"count":0,"href":"https:\/\/medicinainterna.com.mx\/index.php?rest_route=\/wp\/v2\/posts\/1875\/revisions"}],"wp:attachment":[{"href":"https:\/\/medicinainterna.com.mx\/index.php?rest_route=%2Fwp%2Fv2%2Fmedia&parent=1875"}],"wp:term":[{"taxonomy":"category","embeddable":true,"href":"https:\/\/medicinainterna.com.mx\/index.php?rest_route=%2Fwp%2Fv2%2Fcategories&post=1875"},{"taxonomy":"post_tag","embeddable":true,"href":"https:\/\/medicinainterna.com.mx\/index.php?rest_route=%2Fwp%2Fv2%2Ftags&post=1875"}],"curies":[{"name":"wp","href":"https:\/\/api.w.org\/{rel}","templated":true}]}}