{"id":1861,"date":"2011-04-03T19:07:00","date_gmt":"2011-04-04T00:07:00","guid":{"rendered":"http:\/\/medicinainterna.com.mx\/2011\/04\/03\/sindrome-de-asperger"},"modified":"2011-04-03T19:07:00","modified_gmt":"2011-04-04T00:07:00","slug":"sindrome-de-asperger","status":"publish","type":"post","link":"https:\/\/medicinainterna.com.mx\/?p=1861","title":{"rendered":"S\u00edndrome de Asperger"},"content":{"rendered":"<p>Se trata de una discapacidad social de aparici\u00f3n temprana, que conlleva una alteraci\u00f3n en el procesamiento de la informaci\u00f3n. La persona que lo presenta tiene inteligencia normal o incluso superior a la media, presenta un estilo cognitivo particular y frecuentemente, habilidades especiales en \u00e1reas restringidas. En particular se encuentra perturbada la capacidad para reconocer intuitivamente las se\u00f1ales no verbales o paraling\u00fc\u00edsticas emitidas por otras personas y tambi\u00e9n para realizar lo equivalente enviando las propias.<\/p>\n<div class=\"blogger-post-footer\"><img width='1' height='1' src='https:\/\/blogger.googleusercontent.com\/tracker\/3335219593278186444-2137385430568233587?l=www.medinterna.com.mx' alt='' \/><\/div>\n","protected":false},"excerpt":{"rendered":"<p>Se trata de una discapacidad social de aparici\u00f3n temprana, que conlleva una alteraci\u00f3n en el procesamiento de la informaci\u00f3n. La persona que lo presenta tiene inteligencia normal o incluso superior a la media, presenta un estilo cognitivo particular y frecuentemente, habilidades especiales en \u00e1reas restringidas. En particular se encuentra perturbada la capacidad para reconocer intuitivamente &hellip; <a href=\"https:\/\/medicinainterna.com.mx\/?p=1861\" class=\"more-link\">Continue reading<span class=\"screen-reader-text\"> &#8220;S\u00edndrome de Asperger&#8221;<\/span><\/a><\/p>\n","protected":false},"author":2,"featured_media":0,"comment_status":"open","ping_status":"open","sticky":false,"template":"","format":"standard","meta":{"_jetpack_memberships_contains_paid_content":false,"footnotes":""},"categories":[19],"tags":[],"class_list":["post-1861","post","type-post","status-publish","format-standard","hentry","category-sindromes"],"jetpack_sharing_enabled":true,"jetpack_featured_media_url":"","_links":{"self":[{"href":"https:\/\/medicinainterna.com.mx\/index.php?rest_route=\/wp\/v2\/posts\/1861","targetHints":{"allow":["GET"]}}],"collection":[{"href":"https:\/\/medicinainterna.com.mx\/index.php?rest_route=\/wp\/v2\/posts"}],"about":[{"href":"https:\/\/medicinainterna.com.mx\/index.php?rest_route=\/wp\/v2\/types\/post"}],"author":[{"embeddable":true,"href":"https:\/\/medicinainterna.com.mx\/index.php?rest_route=\/wp\/v2\/users\/2"}],"replies":[{"embeddable":true,"href":"https:\/\/medicinainterna.com.mx\/index.php?rest_route=%2Fwp%2Fv2%2Fcomments&post=1861"}],"version-history":[{"count":0,"href":"https:\/\/medicinainterna.com.mx\/index.php?rest_route=\/wp\/v2\/posts\/1861\/revisions"}],"wp:attachment":[{"href":"https:\/\/medicinainterna.com.mx\/index.php?rest_route=%2Fwp%2Fv2%2Fmedia&parent=1861"}],"wp:term":[{"taxonomy":"category","embeddable":true,"href":"https:\/\/medicinainterna.com.mx\/index.php?rest_route=%2Fwp%2Fv2%2Fcategories&post=1861"},{"taxonomy":"post_tag","embeddable":true,"href":"https:\/\/medicinainterna.com.mx\/index.php?rest_route=%2Fwp%2Fv2%2Ftags&post=1861"}],"curies":[{"name":"wp","href":"https:\/\/api.w.org\/{rel}","templated":true}]}}