{"id":1796,"date":"2011-04-28T11:58:00","date_gmt":"2011-04-28T16:58:00","guid":{"rendered":"http:\/\/medicinainterna.com.mx\/2011\/04\/28\/escala-de-tirrington-y-henderson-para-riesgo-respiratorio"},"modified":"2011-04-28T11:58:00","modified_gmt":"2011-04-28T16:58:00","slug":"escala-de-tirrington-y-henderson-para-riesgo-respiratorio","status":"publish","type":"post","link":"https:\/\/medicinainterna.com.mx\/?p=1796","title":{"rendered":"Escala de Torrington y Henderson para riesgo respiratorio."},"content":{"rendered":"<div class=\"wlWriterHeaderFooter\" style=\"float: none; margin: 0; padding: 4px 0;\"><\/div>\n<table border=\"1\" cellspacing=\"0\" cellpadding=\"0\">\n<tbody>\n<tr>\n<td valign=\"top\" width=\"315\"><em>Factor de Riesgo<\/em><\/td>\n<td valign=\"top\" width=\"130\"><em>Puntuaci\u00f3n <\/em><\/td>\n<\/tr>\n<tr>\n<td valign=\"top\" width=\"121\">Espirometr\u00eda: 0-4 puntosFVC<\/td>\n<td valign=\"top\" width=\"194\">&lt;50% del predicho<\/td>\n<td style=\"text-align: center;\" valign=\"top\" width=\"130\">1<\/td>\n<\/tr>\n<tr>\n<td style=\"text-align: left;\" valign=\"top\" width=\"121\">FEV1\/FVC<\/td>\n<td valign=\"top\" width=\"194\">65-75%50-65%&lt;50%<\/td>\n<td style=\"text-align: center;\" valign=\"top\" width=\"130\">123<\/td>\n<\/tr>\n<tr>\n<td valign=\"top\" width=\"121\">Edad<\/td>\n<td valign=\"top\" width=\"194\">&gt;65 a\u00f1os<\/td>\n<td style=\"text-align: center;\" valign=\"top\" width=\"130\">1<\/td>\n<\/tr>\n<tr>\n<td valign=\"top\" width=\"121\">Obesidad m\u00f3rbida<\/td>\n<td valign=\"top\" width=\"194\">IMC&gt;45<\/td>\n<td style=\"text-align: center;\" valign=\"top\" width=\"130\">1<\/td>\n<\/tr>\n<tr>\n<td valign=\"top\" width=\"121\">Sitio quir\u00fargico<\/td>\n<td valign=\"top\" width=\"194\">Torax o abdomen superiorOtro<\/td>\n<td style=\"text-align: center;\" valign=\"top\" width=\"130\">21<\/td>\n<\/tr>\n<tr>\n<td valign=\"top\" width=\"121\">Historia pulmonar<\/td>\n<td valign=\"top\" width=\"194\">Fumador en los \u00faltimos 2 mesesS\u00edntomas respiratorios<\/td>\n<td style=\"text-align: center;\" valign=\"top\" width=\"130\">11<\/td>\n<\/tr>\n<\/tbody>\n<\/table>\n<p><strong>Cuantificaci\u00f3n de Riesgo para complicaciones y mortalidad.<\/strong><\/p>\n<table border=\"1\" cellspacing=\"0\" cellpadding=\"0\">\n<tbody>\n<tr>\n<td valign=\"top\" width=\"110\"><em>Score<\/em><\/td>\n<td valign=\"top\" width=\"110\"><em>Riesgo<\/em><\/td>\n<td valign=\"top\" width=\"110\"><em>Complicaciones %<\/em><\/td>\n<td valign=\"top\" width=\"110\"><em>Mortalidad %<\/em><\/td>\n<\/tr>\n<tr>\n<td valign=\"top\" width=\"110\">0-3<\/td>\n<td style=\"text-align: center;\" valign=\"top\" width=\"110\">Bajo<\/td>\n<td style=\"text-align: center;\" valign=\"top\" width=\"110\">6.1<\/td>\n<td style=\"text-align: center;\" valign=\"top\" width=\"110\">1.7<\/td>\n<\/tr>\n<tr>\n<td valign=\"top\" width=\"110\">4-6<\/td>\n<td style=\"text-align: center;\" valign=\"top\" width=\"110\">Moderado<\/td>\n<td style=\"text-align: center;\" valign=\"top\" width=\"110\">23.3<\/td>\n<td style=\"text-align: center;\" valign=\"top\" width=\"110\">6.3<\/td>\n<\/tr>\n<tr>\n<td valign=\"top\" width=\"110\">7-12<\/td>\n<td style=\"text-align: center;\" valign=\"top\" width=\"110\">Alto<\/td>\n<td style=\"text-align: center;\" valign=\"top\" width=\"110\">35<\/td>\n<td style=\"text-align: center;\" valign=\"top\" width=\"110\">11.7<\/td>\n<\/tr>\n<\/tbody>\n<\/table>\n<p>Fuente: Stanzani Fabiana, Oliveira Maria Alenita de, Forte Vicente, Faresin Sonia Maria. Torrington and Henderson and Epstein risk assessment scales: applicability and effectiveness in lung resection. J. bras. pneumol.\u00a0 [serial on the Internet]. 2005\u00a0 Aug [cited\u00a0 2011\u00a0 Jan\u00a0 30] ;\u00a0 31(4): 292-299. Available from: http:\/\/www.scielo.br\/scielo.php?script=sci_arttext&amp;pid=S1806-37132005000400005&amp;lng=en.\u00a0 doi: 10.1590\/S1806-37132005000400005.<\/p>\n<div class=\"blogger-post-footer\"><img loading=\"lazy\" decoding=\"async\" alt=\"\" src=\"https:\/\/blogger.googleusercontent.com\/tracker\/3335219593278186444-7130918791635380808?l=www.medinterna.com.mx\" width=\"1\" height=\"1\" \/><\/div>\n","protected":false},"excerpt":{"rendered":"<p>Factor de Riesgo Puntuaci\u00f3n Espirometr\u00eda: 0-4 puntosFVC &lt;50% del predicho 1 FEV1\/FVC 65-75%50-65%&lt;50% 123 Edad &gt;65 a\u00f1os 1 Obesidad m\u00f3rbida IMC&gt;45 1 Sitio quir\u00fargico Torax o abdomen superiorOtro 21 Historia pulmonar Fumador en los \u00faltimos 2 mesesS\u00edntomas respiratorios 11 Cuantificaci\u00f3n de Riesgo para complicaciones y mortalidad. Score Riesgo Complicaciones % Mortalidad % 0-3 Bajo 6.1 &hellip; <a href=\"https:\/\/medicinainterna.com.mx\/?p=1796\" class=\"more-link\">Continue reading<span class=\"screen-reader-text\"> &#8220;Escala de Torrington y Henderson para riesgo respiratorio.&#8221;<\/span><\/a><\/p>\n","protected":false},"author":2,"featured_media":0,"comment_status":"open","ping_status":"open","sticky":false,"template":"","format":"standard","meta":{"_jetpack_memberships_contains_paid_content":false,"footnotes":""},"categories":[2,14],"tags":[],"class_list":["post-1796","post","type-post","status-publish","format-standard","hentry","category-cardiologia","category-neumologia"],"jetpack_sharing_enabled":true,"jetpack_featured_media_url":"","_links":{"self":[{"href":"https:\/\/medicinainterna.com.mx\/index.php?rest_route=\/wp\/v2\/posts\/1796","targetHints":{"allow":["GET"]}}],"collection":[{"href":"https:\/\/medicinainterna.com.mx\/index.php?rest_route=\/wp\/v2\/posts"}],"about":[{"href":"https:\/\/medicinainterna.com.mx\/index.php?rest_route=\/wp\/v2\/types\/post"}],"author":[{"embeddable":true,"href":"https:\/\/medicinainterna.com.mx\/index.php?rest_route=\/wp\/v2\/users\/2"}],"replies":[{"embeddable":true,"href":"https:\/\/medicinainterna.com.mx\/index.php?rest_route=%2Fwp%2Fv2%2Fcomments&post=1796"}],"version-history":[{"count":0,"href":"https:\/\/medicinainterna.com.mx\/index.php?rest_route=\/wp\/v2\/posts\/1796\/revisions"}],"wp:attachment":[{"href":"https:\/\/medicinainterna.com.mx\/index.php?rest_route=%2Fwp%2Fv2%2Fmedia&parent=1796"}],"wp:term":[{"taxonomy":"category","embeddable":true,"href":"https:\/\/medicinainterna.com.mx\/index.php?rest_route=%2Fwp%2Fv2%2Fcategories&post=1796"},{"taxonomy":"post_tag","embeddable":true,"href":"https:\/\/medicinainterna.com.mx\/index.php?rest_route=%2Fwp%2Fv2%2Ftags&post=1796"}],"curies":[{"name":"wp","href":"https:\/\/api.w.org\/{rel}","templated":true}]}}