{"id":1628,"date":"2011-06-23T16:46:00","date_gmt":"2011-06-23T21:46:00","guid":{"rendered":"http:\/\/medicinainterna.com.mx\/2011\/06\/23\/signo-de-dejerine-lichtneim"},"modified":"2011-06-23T16:46:00","modified_gmt":"2011-06-23T21:46:00","slug":"signo-de-dejerine-lichtneim","status":"publish","type":"post","link":"https:\/\/medicinainterna.com.mx\/?p=1628","title":{"rendered":"Signo de Dejerine-Lichtneim."},"content":{"rendered":"<p>Un fen\u00f3meno observado en la afasia motora subcortical. El paciente es incapaz de hablar pero puede indicar con los dedos el n\u00famero de s\u00edlabas de que consta la palabra en la que est\u00e1 pensando.<\/p>\n","protected":false},"excerpt":{"rendered":"<p>Un fen\u00f3meno observado en la afasia motora subcortical. El paciente es incapaz de hablar pero puede indicar con los dedos el n\u00famero de s\u00edlabas de que consta la palabra en la que est\u00e1 pensando.<\/p>\n","protected":false},"author":2,"featured_media":0,"comment_status":"open","ping_status":"open","sticky":false,"template":"","format":"standard","meta":{"_jetpack_memberships_contains_paid_content":false,"footnotes":""},"categories":[18],"tags":[],"class_list":["post-1628","post","type-post","status-publish","format-standard","hentry","category-signos-y-sintomas"],"jetpack_sharing_enabled":true,"jetpack_featured_media_url":"","_links":{"self":[{"href":"https:\/\/medicinainterna.com.mx\/index.php?rest_route=\/wp\/v2\/posts\/1628","targetHints":{"allow":["GET"]}}],"collection":[{"href":"https:\/\/medicinainterna.com.mx\/index.php?rest_route=\/wp\/v2\/posts"}],"about":[{"href":"https:\/\/medicinainterna.com.mx\/index.php?rest_route=\/wp\/v2\/types\/post"}],"author":[{"embeddable":true,"href":"https:\/\/medicinainterna.com.mx\/index.php?rest_route=\/wp\/v2\/users\/2"}],"replies":[{"embeddable":true,"href":"https:\/\/medicinainterna.com.mx\/index.php?rest_route=%2Fwp%2Fv2%2Fcomments&post=1628"}],"version-history":[{"count":0,"href":"https:\/\/medicinainterna.com.mx\/index.php?rest_route=\/wp\/v2\/posts\/1628\/revisions"}],"wp:attachment":[{"href":"https:\/\/medicinainterna.com.mx\/index.php?rest_route=%2Fwp%2Fv2%2Fmedia&parent=1628"}],"wp:term":[{"taxonomy":"category","embeddable":true,"href":"https:\/\/medicinainterna.com.mx\/index.php?rest_route=%2Fwp%2Fv2%2Fcategories&post=1628"},{"taxonomy":"post_tag","embeddable":true,"href":"https:\/\/medicinainterna.com.mx\/index.php?rest_route=%2Fwp%2Fv2%2Ftags&post=1628"}],"curies":[{"name":"wp","href":"https:\/\/api.w.org\/{rel}","templated":true}]}}