{"id":1599,"date":"2011-06-27T11:11:00","date_gmt":"2011-06-27T16:11:00","guid":{"rendered":"http:\/\/medicinainterna.com.mx\/2011\/06\/27\/signo-de-faber"},"modified":"2011-06-27T11:11:00","modified_gmt":"2011-06-27T16:11:00","slug":"signo-de-faber","status":"publish","type":"post","link":"https:\/\/medicinainterna.com.mx\/?p=1599","title":{"rendered":"Signo de Faber."},"content":{"rendered":"<p>Dolor artr\u00edtico de la cadera al realizar movimientos de flexi\u00f3n, aducci\u00f3n, extensi\u00f3n y rotaci\u00f3n.<\/p>\n","protected":false},"excerpt":{"rendered":"<p>Dolor artr\u00edtico de la cadera al realizar movimientos de flexi\u00f3n, aducci\u00f3n, extensi\u00f3n y rotaci\u00f3n.<\/p>\n","protected":false},"author":2,"featured_media":0,"comment_status":"open","ping_status":"open","sticky":false,"template":"","format":"standard","meta":{"_jetpack_memberships_contains_paid_content":false,"footnotes":""},"categories":[18],"tags":[],"class_list":["post-1599","post","type-post","status-publish","format-standard","hentry","category-signos-y-sintomas"],"jetpack_sharing_enabled":true,"jetpack_featured_media_url":"","_links":{"self":[{"href":"https:\/\/medicinainterna.com.mx\/index.php?rest_route=\/wp\/v2\/posts\/1599","targetHints":{"allow":["GET"]}}],"collection":[{"href":"https:\/\/medicinainterna.com.mx\/index.php?rest_route=\/wp\/v2\/posts"}],"about":[{"href":"https:\/\/medicinainterna.com.mx\/index.php?rest_route=\/wp\/v2\/types\/post"}],"author":[{"embeddable":true,"href":"https:\/\/medicinainterna.com.mx\/index.php?rest_route=\/wp\/v2\/users\/2"}],"replies":[{"embeddable":true,"href":"https:\/\/medicinainterna.com.mx\/index.php?rest_route=%2Fwp%2Fv2%2Fcomments&post=1599"}],"version-history":[{"count":0,"href":"https:\/\/medicinainterna.com.mx\/index.php?rest_route=\/wp\/v2\/posts\/1599\/revisions"}],"wp:attachment":[{"href":"https:\/\/medicinainterna.com.mx\/index.php?rest_route=%2Fwp%2Fv2%2Fmedia&parent=1599"}],"wp:term":[{"taxonomy":"category","embeddable":true,"href":"https:\/\/medicinainterna.com.mx\/index.php?rest_route=%2Fwp%2Fv2%2Fcategories&post=1599"},{"taxonomy":"post_tag","embeddable":true,"href":"https:\/\/medicinainterna.com.mx\/index.php?rest_route=%2Fwp%2Fv2%2Ftags&post=1599"}],"curies":[{"name":"wp","href":"https:\/\/api.w.org\/{rel}","templated":true}]}}